{"id":188052,"date":"2021-09-09T19:27:05","date_gmt":"2021-09-09T22:27:05","guid":{"rendered":"https:\/\/diarioregionaldigital.com.br\/?p=188052"},"modified":"2021-09-09T19:27:05","modified_gmt":"2021-09-09T22:27:05","slug":"governo-aprova-procedimento-simples-para-comprar-reserva-de-energia","status":"publish","type":"post","link":"https:\/\/diarioregionaldigital.com.br\/?p=188052","title":{"rendered":"Governo aprova procedimento simples para comprar reserva de energia"},"content":{"rendered":"<p>A C\u00e2mara de Regras Excepcionais para Gest\u00e3o Hidroenerg\u00e9tica (CREG) se reuniu nesta\u00a0quinta-feira (9) e aprovou a realiza\u00e7\u00e3o de procedimento competitivo simplificado para contrata\u00e7\u00e3o de Reserva de Capacidade nos subsistemas Sudeste\/Centro-Oeste e Sul, com suprimento a ser iniciado em 2022 at\u00e9 2025. A medida foi uma sugest\u00e3o do Comit\u00ea de Monitoramento do Setor El\u00e9trico (CMSE), que se reuniu na \u00faltima\u00a0sexta-feira (3).\u00a0<img decoding=\"async\" src=\"https:\/\/agenciabrasil.ebc.com.br\/ebc.png?id=1421199&amp;o=node\" \/><img decoding=\"async\" src=\"https:\/\/agenciabrasil.ebc.com.br\/ebc.gif?id=1421199&amp;o=node\" \/><\/p>\n<p>A contrata\u00e7\u00e3o de reserva de capacidade por meio de procedimento competitivo simplificado \u00e9 uma possibilidade prevista na\u00a0<a href=\"https:\/\/agenciabrasil.ebc.com.br\/politica\/noticia\/2021-06\/governo-edita-mp-que-permite-acoes-emergenciais-contra-apagao-eletrico\" target=\"_blank\" rel=\"noopener\">medida provis\u00f3ria (MP) 1.055\/2021<\/a>, como alternativa para a otimiza\u00e7\u00e3o do uso dos recursos hidroenerg\u00e9ticos e para o enfrentamento da atual situa\u00e7\u00e3o de escassez h\u00eddrica.<\/p>\n<p>De acordo com o Minist\u00e9rio de Minas e Energia (MME), a CREG tamb\u00e9m homologou outras delibera\u00e7\u00f5es do CMSE. Entre elas, o estabelecimento de condi\u00e7\u00f5es para opera\u00e7\u00e3o da usina termel\u00e9trica GNA I (1.338 megawatts), em 2021 e 2022, diante da necessidade de gera\u00e7\u00e3o de todos os recursos energ\u00e9ticos dispon\u00edveis. Tamb\u00e9m foi aprovada a\u00a0simplifica\u00e7\u00e3o dos procedimentos de outorga para participa\u00e7\u00e3o de empreendimento de gera\u00e7\u00e3o nas ofertas, conforme Portaria Normativa MME 17\/2021, de forma que seja garantida a efetividade do normativo em conson\u00e2ncia com a necessidade de recursos energ\u00e9ticos adicionais no sistema.<\/p>\n<p><strong>C\u00e2mara<\/strong><\/p>\n<p>A C\u00e2mara de Regras Excepcionais para Gest\u00e3o Hidroenerg\u00e9tica foi institu\u00edda pela MP\u00a01.055\/2021\u00a0e \u00e9 respons\u00e1vel por adotar medidas emergenciais e para garantir a continuidade e a seguran\u00e7a do suprimento de energia el\u00e9trica no pa\u00eds. O colegiado, com dura\u00e7\u00e3o prevista at\u00e9\u00a030 de dezembro, \u00e9 composto por representantes de seis minist\u00e9rios: Minas e Energia (que o presidir\u00e1), Economia, Infraestrutura, Agricultura, Meio Ambiente e Desenvolvimento Regional. Entre as atribui\u00e7\u00f5es do grupo est\u00e1 a defini\u00e7\u00e3o de diretrizes obrigat\u00f3rias para estabelecer limites de uso, armazenamento e vaz\u00e3o das usinas hidrel\u00e9tricas e outras medidas mitigadoras do baixo volume dos reservat\u00f3rios.<\/p>\n<p>A c\u00e2mara tamb\u00e9m\u00a0ter\u00e1 poderes para estabelecer prazos para o atendimento das diretrizes e para o encaminhamento de informa\u00e7\u00f5es e subs\u00eddios t\u00e9cnicos por parte de \u00f3rg\u00e3os p\u00fablicos, do Operador Nacional do Sistema El\u00e9trico (ONS), da C\u00e2mara de Comercializa\u00e7\u00e3o de Energia El\u00e9trica e dos concession\u00e1rios de gera\u00e7\u00e3o de energia el\u00e9trica.<\/p>\n<p>Durante sua vig\u00eancia, a c\u00e2mara tamb\u00e9m dever\u00e1 homologar as delibera\u00e7\u00f5es do Comit\u00ea de Monitoramento do Setor El\u00e9trico (CMSE), composto por diversos \u00f3rg\u00e3os e entidades p\u00fablicas. Ap\u00f3s a homologa\u00e7\u00e3o, essas decis\u00f5es passam a\u00a0ter\u00a0car\u00e1ter\u00a0obrigat\u00f3rio.<\/p>\n<p><span style=\"font-weight: 400;\">Fonte: Ag\u00eancia Brasil <\/span><\/p>\n","protected":false},"excerpt":{"rendered":"<p>A C\u00e2mara de Regras Excepcionais para Gest\u00e3o Hidroenerg\u00e9tica (CREG) se reuniu nesta\u00a0quinta-feira (9) e aprovou a realiza\u00e7\u00e3o de procedimento competitivo simplificado para contrata\u00e7\u00e3o de Reserva de Capacidade nos subsistemas Sudeste\/Centro-Oeste e Sul, com suprimento a ser iniciado em 2022 at\u00e9 2025. A medida foi uma sugest\u00e3o do Comit\u00ea de Monitoramento do Setor El\u00e9trico (CMSE), que [&hellip;]<\/p>\n","protected":false},"author":246,"featured_media":188053,"comment_status":"closed","ping_status":"closed","sticky":false,"template":"","format":"standard","meta":{"footnotes":""},"categories":[440,261],"tags":[],"class_list":["post-188052","post","type-post","status-publish","format-standard","has-post-thumbnail","hentry","category-destaques-do-dia","category-economia"],"_links":{"self":[{"href":"https:\/\/diarioregionaldigital.com.br\/index.php?rest_route=\/wp\/v2\/posts\/188052","targetHints":{"allow":["GET"]}}],"collection":[{"href":"https:\/\/diarioregionaldigital.com.br\/index.php?rest_route=\/wp\/v2\/posts"}],"about":[{"href":"https:\/\/diarioregionaldigital.com.br\/index.php?rest_route=\/wp\/v2\/types\/post"}],"author":[{"embeddable":true,"href":"https:\/\/diarioregionaldigital.com.br\/index.php?rest_route=\/wp\/v2\/users\/246"}],"replies":[{"embeddable":true,"href":"https:\/\/diarioregionaldigital.com.br\/index.php?rest_route=%2Fwp%2Fv2%2Fcomments&post=188052"}],"version-history":[{"count":1,"href":"https:\/\/diarioregionaldigital.com.br\/index.php?rest_route=\/wp\/v2\/posts\/188052\/revisions"}],"predecessor-version":[{"id":188054,"href":"https:\/\/diarioregionaldigital.com.br\/index.php?rest_route=\/wp\/v2\/posts\/188052\/revisions\/188054"}],"wp:featuredmedia":[{"embeddable":true,"href":"https:\/\/diarioregionaldigital.com.br\/index.php?rest_route=\/wp\/v2\/media\/188053"}],"wp:attachment":[{"href":"https:\/\/diarioregionaldigital.com.br\/index.php?rest_route=%2Fwp%2Fv2%2Fmedia&parent=188052"}],"wp:term":[{"taxonomy":"category","embeddable":true,"href":"https:\/\/diarioregionaldigital.com.br\/index.php?rest_route=%2Fwp%2Fv2%2Fcategories&post=188052"},{"taxonomy":"post_tag","embeddable":true,"href":"https:\/\/diarioregionaldigital.com.br\/index.php?rest_route=%2Fwp%2Fv2%2Ftags&post=188052"}],"curies":[{"name":"wp","href":"https:\/\/api.w.org\/{rel}","templated":true}]}}