{"id":188045,"date":"2021-09-08T17:59:10","date_gmt":"2021-09-08T20:59:10","guid":{"rendered":"https:\/\/diarioregionaldigital.com.br\/?p=188045"},"modified":"2021-09-08T17:59:10","modified_gmt":"2021-09-08T20:59:10","slug":"empav-realiza-servicos-de-recomposicao-asfaltica-no-bairro-jardim-de-ala","status":"publish","type":"post","link":"https:\/\/diarioregionaldigital.com.br\/?p=188045","title":{"rendered":"Empav realiza servi\u00e7os de recomposi\u00e7\u00e3o asf\u00e1ltica no bairro Jardim de Al\u00e1"},"content":{"rendered":"<p>Segundo informa\u00e7\u00f5es do site da Prefeitura de Juiz de Fora,\u00a0 nesta quarta-feira, 8, servidores da Empresa Municipal de Pavimenta\u00e7\u00e3o e Urbaniza\u00e7\u00e3o (Empav) da Prefeitura de Juiz de Fora (PJF) realizam os servi\u00e7os de tapa-buraco no bairro Jardim de Al\u00e1. Na semana passada, equipes atuaram na recomposi\u00e7\u00e3o asf\u00e1ltica de diversas vias do munic\u00edpio. Cidade do Sol, Dom Bosco, Estrela Sul, Jardim Gl\u00f3ria, Parque Serra Verde, Santa Cec\u00edlia, S\u00e3o Mateus e Tr\u00eas Moinhos foram alguns dos bairros visitados pelas equipes da Empav. Seguindo o cronograma de atua\u00e7\u00e3o, servidores tamb\u00e9m atuam na pavimenta\u00e7\u00e3o da Avenida Francisco Bernardino.<\/p>\n<p>Os servi\u00e7os de pavimenta\u00e7\u00e3o e recomposi\u00e7\u00e3o asf\u00e1ltica est\u00e3o previstos para os seguintes trechos:<\/p>\n<p>Avenida Francisco Bernardino<br \/>\nAvenida Presidente Juscelino Kubitschek<br \/>\nRua Ros\u00e1rio Fusco &#8211; Cidade do Sol*<br \/>\nRua Almiro Ribeiro de Toledo &#8211; Jardim de Al\u00e1<br \/>\nRua Sophia Rafael Zacarias &#8211; Parque Guarani*<br \/>\nRua Major Vicente Moura &#8211; Parque Guarani*<br \/>\nRua Senador Milton Campos &#8211; Parque Guarani*<br \/>\nRua Luis Gonzaga de Figueiredo &#8211; Parque Serra Verde*<br \/>\nRua Tenente Jaime Pereira Braga &#8211; Parque Serra Verde*<br \/>\nRua Jos\u00e9 Pires de Almeida &#8211; Retiro<br \/>\nRua Sebasti\u00e3o Cardoso &#8211; Retiro*<br \/>\nRua Almir Monteiro &#8211; Santa Cec\u00edlia*<br \/>\nRua \u00cdris Maestrini &#8211; Santa Cec\u00edlia*<br \/>\nRua Rita Monteiro &#8211; Santa Cec\u00edlia<\/p>\n","protected":false},"excerpt":{"rendered":"<p>Segundo informa\u00e7\u00f5es do site da Prefeitura de Juiz de Fora,\u00a0 nesta quarta-feira, 8, servidores da Empresa Municipal de Pavimenta\u00e7\u00e3o e Urbaniza\u00e7\u00e3o (Empav) da Prefeitura de Juiz de Fora (PJF) realizam os servi\u00e7os de tapa-buraco no bairro Jardim de Al\u00e1. Na semana passada, equipes atuaram na recomposi\u00e7\u00e3o asf\u00e1ltica de diversas vias do munic\u00edpio. Cidade do Sol, [&hellip;]<\/p>\n","protected":false},"author":246,"featured_media":188046,"comment_status":"closed","ping_status":"closed","sticky":false,"template":"","format":"standard","meta":{"footnotes":""},"categories":[253,436],"tags":[],"class_list":["post-188045","post","type-post","status-publish","format-standard","has-post-thumbnail","hentry","category-cidade","category-destaque-da-semana"],"_links":{"self":[{"href":"https:\/\/diarioregionaldigital.com.br\/index.php?rest_route=\/wp\/v2\/posts\/188045","targetHints":{"allow":["GET"]}}],"collection":[{"href":"https:\/\/diarioregionaldigital.com.br\/index.php?rest_route=\/wp\/v2\/posts"}],"about":[{"href":"https:\/\/diarioregionaldigital.com.br\/index.php?rest_route=\/wp\/v2\/types\/post"}],"author":[{"embeddable":true,"href":"https:\/\/diarioregionaldigital.com.br\/index.php?rest_route=\/wp\/v2\/users\/246"}],"replies":[{"embeddable":true,"href":"https:\/\/diarioregionaldigital.com.br\/index.php?rest_route=%2Fwp%2Fv2%2Fcomments&post=188045"}],"version-history":[{"count":1,"href":"https:\/\/diarioregionaldigital.com.br\/index.php?rest_route=\/wp\/v2\/posts\/188045\/revisions"}],"predecessor-version":[{"id":188047,"href":"https:\/\/diarioregionaldigital.com.br\/index.php?rest_route=\/wp\/v2\/posts\/188045\/revisions\/188047"}],"wp:featuredmedia":[{"embeddable":true,"href":"https:\/\/diarioregionaldigital.com.br\/index.php?rest_route=\/wp\/v2\/media\/188046"}],"wp:attachment":[{"href":"https:\/\/diarioregionaldigital.com.br\/index.php?rest_route=%2Fwp%2Fv2%2Fmedia&parent=188045"}],"wp:term":[{"taxonomy":"category","embeddable":true,"href":"https:\/\/diarioregionaldigital.com.br\/index.php?rest_route=%2Fwp%2Fv2%2Fcategories&post=188045"},{"taxonomy":"post_tag","embeddable":true,"href":"https:\/\/diarioregionaldigital.com.br\/index.php?rest_route=%2Fwp%2Fv2%2Ftags&post=188045"}],"curies":[{"name":"wp","href":"https:\/\/api.w.org\/{rel}","templated":true}]}}