{"id":188042,"date":"2021-09-08T17:55:56","date_gmt":"2021-09-08T20:55:56","guid":{"rendered":"https:\/\/diarioregionaldigital.com.br\/?p=188042"},"modified":"2021-09-08T17:55:56","modified_gmt":"2021-09-08T20:55:56","slug":"pjf-vistoria-208-estabelecimentos-durante-o-feriado","status":"publish","type":"post","link":"https:\/\/diarioregionaldigital.com.br\/?p=188042","title":{"rendered":"PJF vistoria 208 estabelecimentos durante o feriado"},"content":{"rendered":"<p>A opera\u00e7\u00e3o \u201cFiscaliza\u00e7\u00e3o pela Vida\u201d realizou 208 vistorias entre a sexta-feira, 3, e a ter\u00e7a-feira, 7. A a\u00e7\u00e3o resultou na emiss\u00e3o de quatro autos de infra\u00e7\u00e3o e um auto de interdi\u00e7\u00e3o. No domingo, dia 5, foi flagrada a realiza\u00e7\u00e3o de um evento sem autoriza\u00e7\u00e3o em uma granja, no bairro Sagrado Cora\u00e7\u00e3o. Havia no local aproximadamente cem pessoas. O evento foi encerrado, o respons\u00e1vel autuado e a granja interditada.<\/p>\n<p>Segundo informa\u00e7\u00f5es do site da Prefeitura de Juiz de Fora, na quinta-feira, 2, foram realizadas 38 vistorias. Os fiscais de posturas emitiram 20 documentos de notifica\u00e7\u00e3o relacionados ao cumprimento dos protocolos sanit\u00e1rios.<\/p>\n<p>As a\u00e7\u00f5es contaram com a participa\u00e7\u00e3o dos fiscais de posturas da Secretaria de Sustentabilidade em Meio Ambiente e Atividades Urbanas (Sesmaur), dos Guardas Municipais, da Secretaria de Seguran\u00e7a Urbana e Cidadania (Sesuc), dos Agentes de Transporte e Tr\u00e2nsito da Secretaria de Mobilidade Urbana (SMU) e da Pol\u00edcia Militar de Minas Gerais (PMMG).<\/p>\n","protected":false},"excerpt":{"rendered":"<p>A opera\u00e7\u00e3o \u201cFiscaliza\u00e7\u00e3o pela Vida\u201d realizou 208 vistorias entre a sexta-feira, 3, e a ter\u00e7a-feira, 7. A a\u00e7\u00e3o resultou na emiss\u00e3o de quatro autos de infra\u00e7\u00e3o e um auto de interdi\u00e7\u00e3o. No domingo, dia 5, foi flagrada a realiza\u00e7\u00e3o de um evento sem autoriza\u00e7\u00e3o em uma granja, no bairro Sagrado Cora\u00e7\u00e3o. Havia no local aproximadamente [&hellip;]<\/p>\n","protected":false},"author":246,"featured_media":188043,"comment_status":"closed","ping_status":"closed","sticky":false,"template":"","format":"standard","meta":{"footnotes":""},"categories":[253,436],"tags":[],"class_list":["post-188042","post","type-post","status-publish","format-standard","has-post-thumbnail","hentry","category-cidade","category-destaque-da-semana"],"_links":{"self":[{"href":"https:\/\/diarioregionaldigital.com.br\/index.php?rest_route=\/wp\/v2\/posts\/188042","targetHints":{"allow":["GET"]}}],"collection":[{"href":"https:\/\/diarioregionaldigital.com.br\/index.php?rest_route=\/wp\/v2\/posts"}],"about":[{"href":"https:\/\/diarioregionaldigital.com.br\/index.php?rest_route=\/wp\/v2\/types\/post"}],"author":[{"embeddable":true,"href":"https:\/\/diarioregionaldigital.com.br\/index.php?rest_route=\/wp\/v2\/users\/246"}],"replies":[{"embeddable":true,"href":"https:\/\/diarioregionaldigital.com.br\/index.php?rest_route=%2Fwp%2Fv2%2Fcomments&post=188042"}],"version-history":[{"count":1,"href":"https:\/\/diarioregionaldigital.com.br\/index.php?rest_route=\/wp\/v2\/posts\/188042\/revisions"}],"predecessor-version":[{"id":188044,"href":"https:\/\/diarioregionaldigital.com.br\/index.php?rest_route=\/wp\/v2\/posts\/188042\/revisions\/188044"}],"wp:featuredmedia":[{"embeddable":true,"href":"https:\/\/diarioregionaldigital.com.br\/index.php?rest_route=\/wp\/v2\/media\/188043"}],"wp:attachment":[{"href":"https:\/\/diarioregionaldigital.com.br\/index.php?rest_route=%2Fwp%2Fv2%2Fmedia&parent=188042"}],"wp:term":[{"taxonomy":"category","embeddable":true,"href":"https:\/\/diarioregionaldigital.com.br\/index.php?rest_route=%2Fwp%2Fv2%2Fcategories&post=188042"},{"taxonomy":"post_tag","embeddable":true,"href":"https:\/\/diarioregionaldigital.com.br\/index.php?rest_route=%2Fwp%2Fv2%2Ftags&post=188042"}],"curies":[{"name":"wp","href":"https:\/\/api.w.org\/{rel}","templated":true}]}}