{"id":188039,"date":"2021-09-08T17:52:50","date_gmt":"2021-09-08T20:52:50","guid":{"rendered":"https:\/\/diarioregionaldigital.com.br\/?p=188039"},"modified":"2021-09-08T17:52:50","modified_gmt":"2021-09-08T20:52:50","slug":"confira-a-vacinacao-contra-a-covid-19-nesta-quinta-feira-9","status":"publish","type":"post","link":"https:\/\/diarioregionaldigital.com.br\/?p=188039","title":{"rendered":"Confira a vacina\u00e7\u00e3o contra a Covid-19 nesta quinta-feira, 9"},"content":{"rendered":"<p>Nesta quinta-feira, 9, a Secretaria de Sa\u00fade (SS) da Prefeitura de Juiz de Fora (PJF) realiza a vacina\u00e7\u00e3o contra a Covid-19 para todas as pessoas que deveriam ter recebido a segunda dose da AstraZeneca no m\u00eas de agosto, mas que n\u00e3o conseguiram a segunda aplica\u00e7\u00e3o por falta dos imunizantes. A fim de facilitar o acesso \u00e0s vacinas, a PJF destina 49 pontos de vacina\u00e7\u00e3o da aplica\u00e7\u00e3o das segundas doses, que podem ser encontradas nas 46 Unidades B\u00e1sicas de Sa\u00fade (UBSs), das 8h \u00e0s 11h, no Sport Club JF e Sesc Juiz de Fora, das 8h \u00e0s 16h, e no drive-thru da UFJF, das 9 \u00e0s 16h.<\/p>\n<p>Segundo informa\u00e7\u00f5es do site da Prefeitura de Juiz de Fora, as segundas doses Coronavac e Pfizer s\u00e3o oferecidas para pessoas com data no dia ou em data anterior. O imunizante Coronavac poder\u00e1 ser encontrado no Sport, enquanto as segundas doses de Pfizer ser\u00e3o disponibilizadas no Sesc.<\/p>\n<p><b>Vacina\u00e7\u00e3o de primeiras doses<\/b><\/p>\n<p>A vacina\u00e7\u00e3o de primeiras doses continua em Juiz de Fora. Com o p\u00fablico-alvo atingido na ter\u00e7a-feira, 31 de agosto, a cidade imuniza todas as pessoas com 18 anos ou mais em qualquer um dos postos de vacina\u00e7\u00e3o. Para quem n\u00e3o recebeu nenhuma dose contra o coronav\u00edrus, \u00e9 necess\u00e1rio apresentar os documentos: original e c\u00f3pia da identidade com foto e CPF, al\u00e9m do comprovante de resid\u00eancia. Os hor\u00e1rios e locais seguem os mesmos.<\/p>\n<p><b>Confira o calend\u00e1rio:<\/b><\/p>\n<p><b>Quinta-feira, dia 9:<\/b><\/p>\n<p><b>Segundas doses de AstraZeneca para as pessoas que deveriam ser vacinadas em agosto<\/b><br \/>\nSesc e Sport, das 8h \u00e0s 16h, drive-thru da UFJF, das 9h \u00e0s 16h, e em 46 UBSs, das 8h \u00e0s 11h.<\/p>\n<p><b>Segundas doses de Coronavac<\/b><br \/>\nNo Sport, das 8h \u00e0s 16h.<\/p>\n<p><b>Segundas doses de Pfizer<\/b><br \/>\nNo Sesc, das 8h \u00e0s 16h.<\/p>\n<p><b>Endere\u00e7os dos locais de vacina\u00e7\u00e3o<\/b><\/p>\n<p><b>Drive-Thru da UFJF<\/b><br \/>\nCampus da UFJF, estacionamento da Faculdade de Educa\u00e7\u00e3o (Faced)<\/p>\n<p><b>Sesc Juiz de Fora<\/b><br \/>\nRua Oswaldo Aranha, 109<\/p>\n<p><b>Sport Club Juiz de Fora<\/b><br \/>\nAvenida Bar\u00e3o do Rio Branco, 1.303, Centro (entrada pela avenida Brasil)<\/p>\n<p><b>UBSs:<\/b><br \/>\n1. UBS Alto Graja\u00fa, Rua Doutor Leonel Jaguaribe, 178;<br \/>\n2. UBS Bairro Industrial, Rua Jo\u00e3o Gualberto,110;<br \/>\n3. UBS Barreira do Triunfo, Avenida Juscelino Kubitscheck, s\/n\u00ba;<br \/>\n4. UBS Benfica, Rua Guararapes, 106;<br \/>\n5. UBS Borboleta, Rua Tenente Paulo Maria Delage, 229;<br \/>\n6. UBS Centro Sul, Avenida Rio Branco, 3132;<br \/>\n7. UBS Cidade do Sol, Rua Gustavo Capanema, 70;<br \/>\n8. UBS Dom Bosco, Rua Jo\u00e3o Manata, 93;<br \/>\n9. UBS Esplanada, Rua Bias Fortes, 74;<br \/>\n10.UBS Filgueiras, Rua Orlando Riani, 2.200;<br \/>\n11.UBS Furtado de Menezes, Rua Furtado de Menezes, 19;<br \/>\n12.UBS Grama, Pra\u00e7a \u00c1ureo Carneiro s\/n;<br \/>\n13.UBS Granjas Beth\u00e2nia, Rua Nove de Julho, 294;<br \/>\n14.UBS Ipiranga, Rua Etiene Loures, 85;<br \/>\n15.UBS Jardim da Lua, Rua Natalino Jos\u00e9 de Paula, 314;<br \/>\n16.UBS Jardim Esperan\u00e7a, Rua Padre Jo\u00e3o Micheleto, 35;<br \/>\n17.UBS Jardim Natal, Rua Tenente Lucas Drumond, 370;<br \/>\n18.UBS Joquei Clube I, Rua Antonio Armando Pereira, 140;<br \/>\n19.UBS Joquei Clube II, Rua Antonio Guimar\u00e3es Peralva, 130;<br \/>\n20.UBS Linhares, Rua Ministro Odilon Braga, s\/n\u00ba;<br \/>\n21.UBS Marumbi, Rua Bar\u00e3o do Retiro, 1.462;<br \/>\n22.UBS Milho Branco, Rua Nicolau Schuery, s\/n\u00ba;<br \/>\n23.UBS Monte Castelo, Rua Doutor Oswaldo Mascarenhas, s\/n\u00ba;<br \/>\n24.UBS Nossa Senhora Aparecida, Rua Nossa Senhora Aparecida, 775;<br \/>\n25.UBS Nossa Senhora das Gra\u00e7as, Rua Queluz, 72;<br \/>\n26.UBS Nossa Senhora de Lourdes, Rua In\u00e1cio Gama, 813;<br \/>\n27.UBS Nova Era, Rua Guimar\u00e3es Junior, 850;<br \/>\n28.UBS Parque Guarani, Rua Sofia Rafael Zacarias, 685;<br \/>\n29.UBS Progresso, Rua Jorge Knopp, 119;<br \/>\n30.UBS Retiro Rua, Sebasti\u00e3o Cardoso, 41;<br \/>\n31.UBS Santa Cec\u00edlia, Rua Gabriel Rodrigues, 900;<br \/>\n32.UBS Santa Cruz, Rua Doutor Antonio Mour\u00e3o Guimar\u00e3es, 245;<br \/>\n33.UBS Santa Efig\u00eania, Rua Jos\u00e9 Ferreira, 13;<br \/>\n34.UBS Santa Luzia, Rua Torre\u00f5es, s\/n\u00ba;<br \/>\n35.UBS Santa Rita, Rua Jos\u00e9 Vicente, 390;<br \/>\n36.UBS Santo Ant\u00f4nio, Rua Pedro Trogo, 285;<br \/>\n37.UBS Santos Dumont, Rua Alvaro Jos\u00e9 Rodrigues, 25;<br \/>\n38.UBS S\u00e3o Judas Tadeu, Rua Ernesto Pancini, 446;<br \/>\n39.UBS S\u00e3o Pedro, Rua Jo\u00e1o Louren\u00e7o Kelmer, 1433;<br \/>\n40.UBS S\u00e3o Sebasti\u00e3o, Rua Jorge Raimundo, 209;<br \/>\n41.UBS Teixeiras, Rua Cust\u00f3dio Furtado de Souza, 131;<br \/>\n42.UBS Vale dos Bandeirantes Rua Laurindo Nocelli, 100;<br \/>\n43.UBS Vale Verde, Rua Marciano Pinto, 685;<br \/>\n44.UBS Vila Esperan\u00e7a, Rua Nova, 30;<br \/>\n45.UBS Vila Ideal, Avenida Francisco Valadares, 1910;<br \/>\n46.UBS Vila Olavo Costa, Rua Jacinto Marcelino, 16.<\/p>\n","protected":false},"excerpt":{"rendered":"<p>Nesta quinta-feira, 9, a Secretaria de Sa\u00fade (SS) da Prefeitura de Juiz de Fora (PJF) realiza a vacina\u00e7\u00e3o contra a Covid-19 para todas as pessoas que deveriam ter recebido a segunda dose da AstraZeneca no m\u00eas de agosto, mas que n\u00e3o conseguiram a segunda aplica\u00e7\u00e3o por falta dos imunizantes. A fim de facilitar o acesso [&hellip;]<\/p>\n","protected":false},"author":246,"featured_media":188040,"comment_status":"closed","ping_status":"closed","sticky":false,"template":"","format":"standard","meta":{"footnotes":""},"categories":[253,436],"tags":[],"class_list":["post-188039","post","type-post","status-publish","format-standard","has-post-thumbnail","hentry","category-cidade","category-destaque-da-semana"],"_links":{"self":[{"href":"https:\/\/diarioregionaldigital.com.br\/index.php?rest_route=\/wp\/v2\/posts\/188039","targetHints":{"allow":["GET"]}}],"collection":[{"href":"https:\/\/diarioregionaldigital.com.br\/index.php?rest_route=\/wp\/v2\/posts"}],"about":[{"href":"https:\/\/diarioregionaldigital.com.br\/index.php?rest_route=\/wp\/v2\/types\/post"}],"author":[{"embeddable":true,"href":"https:\/\/diarioregionaldigital.com.br\/index.php?rest_route=\/wp\/v2\/users\/246"}],"replies":[{"embeddable":true,"href":"https:\/\/diarioregionaldigital.com.br\/index.php?rest_route=%2Fwp%2Fv2%2Fcomments&post=188039"}],"version-history":[{"count":1,"href":"https:\/\/diarioregionaldigital.com.br\/index.php?rest_route=\/wp\/v2\/posts\/188039\/revisions"}],"predecessor-version":[{"id":188041,"href":"https:\/\/diarioregionaldigital.com.br\/index.php?rest_route=\/wp\/v2\/posts\/188039\/revisions\/188041"}],"wp:featuredmedia":[{"embeddable":true,"href":"https:\/\/diarioregionaldigital.com.br\/index.php?rest_route=\/wp\/v2\/media\/188040"}],"wp:attachment":[{"href":"https:\/\/diarioregionaldigital.com.br\/index.php?rest_route=%2Fwp%2Fv2%2Fmedia&parent=188039"}],"wp:term":[{"taxonomy":"category","embeddable":true,"href":"https:\/\/diarioregionaldigital.com.br\/index.php?rest_route=%2Fwp%2Fv2%2Fcategories&post=188039"},{"taxonomy":"post_tag","embeddable":true,"href":"https:\/\/diarioregionaldigital.com.br\/index.php?rest_route=%2Fwp%2Fv2%2Ftags&post=188039"}],"curies":[{"name":"wp","href":"https:\/\/api.w.org\/{rel}","templated":true}]}}