{"id":188036,"date":"2021-09-08T17:50:01","date_gmt":"2021-09-08T20:50:01","guid":{"rendered":"https:\/\/diarioregionaldigital.com.br\/?p=188036"},"modified":"2021-09-08T17:50:01","modified_gmt":"2021-09-08T20:50:01","slug":"juiz-de-fora-retomara-aulas-presenciais-da-educacao-infantil-a-partir-do-dia-20-de-setembro","status":"publish","type":"post","link":"https:\/\/diarioregionaldigital.com.br\/?p=188036","title":{"rendered":"Juiz de Fora retomar\u00e1 aulas presenciais da educa\u00e7\u00e3o infantil a partir do dia 20 de setembro"},"content":{"rendered":"<p>Em completa conson\u00e2ncia com o que deliberou o Conselho Municipal de Educa\u00e7\u00e3o, \u00f3rg\u00e3o respons\u00e1vel por essa constru\u00e7\u00e3o, o retorno das aulas presenciais ser\u00e1 no pr\u00f3ximo dia 20 de setembro, sendo a primeira semana destinada \u00e0 prepara\u00e7\u00e3o dos trabalhadores e trabalhadoras da educa\u00e7\u00e3o, e as semanas seguintes destinadas ao retorno dos alunos de forma h\u00edbrida, facultativa e escalonada. Os alunos da educa\u00e7\u00e3o infantil retornam presencialmente a partir do pr\u00f3ximo dia 27 de setembro, seguidos do ensino fundamental I e Ensino de Jovens e Adultos (EJA), no dia 4 de outubro. No dia 11 de outubro, \u00e9 vez do ensino fundamental II e ensino m\u00e9dio. O \u00faltimo grupo ser\u00e1 dos alunos do ensino superior, no dia 18 de outubro.<\/p>\n<p>Segundo informa\u00e7\u00f5es do site da Prefeitura de Juiz de Fora, essa programa\u00e7\u00e3o ser\u00e1 cumprida atendendo aos pressupostos sanit\u00e1rios definidos pelo Munic\u00edpio, com a vig\u00eancia dos protocolos sanit\u00e1rios definidos pela Secretaria de Sa\u00fade. O retorno gradual e escalado respeitar\u00e1 a completa imuniza\u00e7\u00e3o dos trabalhadores e das trabalhadoras da educa\u00e7\u00e3o n\u00e3o s\u00f3 pela aplica\u00e7\u00e3o das duas doses da vacina, mas tamb\u00e9m por permitir o transcurso do per\u00edodo de 14 dias para completar o processo da imuniza\u00e7\u00e3o.<\/p>\n<p>\u201cNesses termos, estamos lavrando Termo de Acordo com o Minist\u00e9rio P\u00fablico de Minas Gerais, acordo que foi intermediado pelo Dr. Carlos Andr\u00e9 Bittencourt Mariani, e, com isso, encerram-se as disputas legais que tinham como objeto a retomada da educa\u00e7\u00e3o presencial no munic\u00edpio. Quero tamb\u00e9m mencionar que, com esse ato, atendemos ao que j\u00e1 t\u00ednhamos anunciado em Audi\u00eancia P\u00fablica, ocorrida na Egr\u00e9gia C\u00e2mara que, em atendimento ao que dispunha a resolu\u00e7\u00e3o do Conselho Municipal de Educa\u00e7\u00e3o, ter\u00edamos atendidos todos os requisitos sanit\u00e1rios que consideramos relevantes para o retorno da educa\u00e7\u00e3o presencial agora no m\u00eas de setembro\u201d, destacou a prefeita.<\/p>\n<p>Participaram da reuni\u00e3o de assinatura do documento a prefeita Margarida Salom\u00e3o; as secret\u00e1rias de Educa\u00e7\u00e3o, N\u00e1dia Ribas; de Sa\u00fade, Ana Pimentel; o secret\u00e1rio de Comunica\u00e7\u00e3o, M\u00e1rcio Guerra; o Procurador-Geral do Munic\u00edpio, Marcus Motta Monteiro de Carvalho, o presidente da C\u00e2mara Municipal, Juraci Scheffer e a presidente da Comiss\u00e3o de Educa\u00e7\u00e3o, Cultura e Turismo da C\u00e2mara, Cida Oliveira; Samyra Ribeiro Namen, Promotoria de Justi\u00e7a de Defesa da Educa\u00e7\u00e3o, da Crian\u00e7a e do Adolescente; Jorge Tobias de Souza, Promotoria de Justi\u00e7a de Defesa da Sa\u00fade; Mayra Concei\u00e7\u00e3o Silva, Coordenadoria Regional das Promotorias de Justi\u00e7a de Defesa da Educa\u00e7\u00e3o, da Crian\u00e7a e do Adolescente e Rodrigo Ferreira de Barros, Coordenadoria Regional das Promotorias de Justi\u00e7a de Defesa da Sa\u00fade da Macrorregi\u00e3o Sanit\u00e1ria Sudeste.<\/p>\n","protected":false},"excerpt":{"rendered":"<p>Em completa conson\u00e2ncia com o que deliberou o Conselho Municipal de Educa\u00e7\u00e3o, \u00f3rg\u00e3o respons\u00e1vel por essa constru\u00e7\u00e3o, o retorno das aulas presenciais ser\u00e1 no pr\u00f3ximo dia 20 de setembro, sendo a primeira semana destinada \u00e0 prepara\u00e7\u00e3o dos trabalhadores e trabalhadoras da educa\u00e7\u00e3o, e as semanas seguintes destinadas ao retorno dos alunos de forma h\u00edbrida, facultativa [&hellip;]<\/p>\n","protected":false},"author":246,"featured_media":188037,"comment_status":"closed","ping_status":"closed","sticky":false,"template":"","format":"standard","meta":{"footnotes":""},"categories":[253,440],"tags":[],"class_list":["post-188036","post","type-post","status-publish","format-standard","has-post-thumbnail","hentry","category-cidade","category-destaques-do-dia"],"_links":{"self":[{"href":"https:\/\/diarioregionaldigital.com.br\/index.php?rest_route=\/wp\/v2\/posts\/188036","targetHints":{"allow":["GET"]}}],"collection":[{"href":"https:\/\/diarioregionaldigital.com.br\/index.php?rest_route=\/wp\/v2\/posts"}],"about":[{"href":"https:\/\/diarioregionaldigital.com.br\/index.php?rest_route=\/wp\/v2\/types\/post"}],"author":[{"embeddable":true,"href":"https:\/\/diarioregionaldigital.com.br\/index.php?rest_route=\/wp\/v2\/users\/246"}],"replies":[{"embeddable":true,"href":"https:\/\/diarioregionaldigital.com.br\/index.php?rest_route=%2Fwp%2Fv2%2Fcomments&post=188036"}],"version-history":[{"count":1,"href":"https:\/\/diarioregionaldigital.com.br\/index.php?rest_route=\/wp\/v2\/posts\/188036\/revisions"}],"predecessor-version":[{"id":188038,"href":"https:\/\/diarioregionaldigital.com.br\/index.php?rest_route=\/wp\/v2\/posts\/188036\/revisions\/188038"}],"wp:featuredmedia":[{"embeddable":true,"href":"https:\/\/diarioregionaldigital.com.br\/index.php?rest_route=\/wp\/v2\/media\/188037"}],"wp:attachment":[{"href":"https:\/\/diarioregionaldigital.com.br\/index.php?rest_route=%2Fwp%2Fv2%2Fmedia&parent=188036"}],"wp:term":[{"taxonomy":"category","embeddable":true,"href":"https:\/\/diarioregionaldigital.com.br\/index.php?rest_route=%2Fwp%2Fv2%2Fcategories&post=188036"},{"taxonomy":"post_tag","embeddable":true,"href":"https:\/\/diarioregionaldigital.com.br\/index.php?rest_route=%2Fwp%2Fv2%2Ftags&post=188036"}],"curies":[{"name":"wp","href":"https:\/\/api.w.org\/{rel}","templated":true}]}}