{"id":188030,"date":"2021-09-08T17:43:02","date_gmt":"2021-09-08T20:43:02","guid":{"rendered":"https:\/\/diarioregionaldigital.com.br\/?p=188030"},"modified":"2021-09-08T17:43:02","modified_gmt":"2021-09-08T20:43:02","slug":"lisca-deixa-o-comando-do-vasco-da-gama","status":"publish","type":"post","link":"https:\/\/diarioregionaldigital.com.br\/?p=188030","title":{"rendered":"Lisca deixa o comando do Vasco da Gama"},"content":{"rendered":"<p>Lisca n\u00e3o dirige mais o Vasco da Gama. O t\u00e9cnico de 49 anos se despediu do clube ap\u00f3s 12 jogos, com sete derrotas, quatro vit\u00f3rias e um empate.<img decoding=\"async\" src=\"https:\/\/agenciabrasil.ebc.com.br\/ebc.png?id=1421079&amp;o=node\" \/><img decoding=\"async\" src=\"https:\/\/agenciabrasil.ebc.com.br\/ebc.gif?id=1421079&amp;o=node\" \/><\/p>\n<p>Sob o comando de Lisca, o Vasco foi eliminado da Copa do Brasil pelo S\u00e3o Paulo e segue na 9\u00aa posi\u00e7\u00e3o da S\u00e9rie B do Campeonato Brasileiro.<\/p>\n<p>\u201cA gente tem que ter a hombridade de admitir que o trabalho n\u00e3o funcionou nesse momento, por isso tomei essa decis\u00e3o\u201d, declarou o treinador.<\/p>\n<p>O time de S\u00e3o Janu\u00e1rio ainda n\u00e3o anunciou o novo comandante de sua equipe de futebol profissional, e volta a campo no dia 16 e setembro, contra o CRB em Alagoas.<\/p>\n<p>Na \u00faltima rodada, o Gigante da Colina foi derrotado pelo Ava\u00ed por 3 a 1 no est\u00e1dio da Ressacada.<\/p>\n<p><span style=\"font-weight: 400;\">Fonte: Ag\u00eancia Brasil <\/span><\/p>\n","protected":false},"excerpt":{"rendered":"<p>Lisca n\u00e3o dirige mais o Vasco da Gama. O t\u00e9cnico de 49 anos se despediu do clube ap\u00f3s 12 jogos, com sete derrotas, quatro vit\u00f3rias e um empate. Sob o comando de Lisca, o Vasco foi eliminado da Copa do Brasil pelo S\u00e3o Paulo e segue na 9\u00aa posi\u00e7\u00e3o da S\u00e9rie B do Campeonato Brasileiro. [&hellip;]<\/p>\n","protected":false},"author":246,"featured_media":188031,"comment_status":"closed","ping_status":"closed","sticky":false,"template":"","format":"standard","meta":{"footnotes":""},"categories":[436,257],"tags":[],"class_list":["post-188030","post","type-post","status-publish","format-standard","has-post-thumbnail","hentry","category-destaque-da-semana","category-esporte"],"_links":{"self":[{"href":"https:\/\/diarioregionaldigital.com.br\/index.php?rest_route=\/wp\/v2\/posts\/188030","targetHints":{"allow":["GET"]}}],"collection":[{"href":"https:\/\/diarioregionaldigital.com.br\/index.php?rest_route=\/wp\/v2\/posts"}],"about":[{"href":"https:\/\/diarioregionaldigital.com.br\/index.php?rest_route=\/wp\/v2\/types\/post"}],"author":[{"embeddable":true,"href":"https:\/\/diarioregionaldigital.com.br\/index.php?rest_route=\/wp\/v2\/users\/246"}],"replies":[{"embeddable":true,"href":"https:\/\/diarioregionaldigital.com.br\/index.php?rest_route=%2Fwp%2Fv2%2Fcomments&post=188030"}],"version-history":[{"count":1,"href":"https:\/\/diarioregionaldigital.com.br\/index.php?rest_route=\/wp\/v2\/posts\/188030\/revisions"}],"predecessor-version":[{"id":188032,"href":"https:\/\/diarioregionaldigital.com.br\/index.php?rest_route=\/wp\/v2\/posts\/188030\/revisions\/188032"}],"wp:featuredmedia":[{"embeddable":true,"href":"https:\/\/diarioregionaldigital.com.br\/index.php?rest_route=\/wp\/v2\/media\/188031"}],"wp:attachment":[{"href":"https:\/\/diarioregionaldigital.com.br\/index.php?rest_route=%2Fwp%2Fv2%2Fmedia&parent=188030"}],"wp:term":[{"taxonomy":"category","embeddable":true,"href":"https:\/\/diarioregionaldigital.com.br\/index.php?rest_route=%2Fwp%2Fv2%2Fcategories&post=188030"},{"taxonomy":"post_tag","embeddable":true,"href":"https:\/\/diarioregionaldigital.com.br\/index.php?rest_route=%2Fwp%2Fv2%2Ftags&post=188030"}],"curies":[{"name":"wp","href":"https:\/\/api.w.org\/{rel}","templated":true}]}}