{"id":188024,"date":"2021-09-08T17:39:04","date_gmt":"2021-09-08T20:39:04","guid":{"rendered":"https:\/\/diarioregionaldigital.com.br\/?p=188024"},"modified":"2021-09-08T17:39:04","modified_gmt":"2021-09-08T20:39:04","slug":"brasileiro-fluminense-vence-chape-por-2-a-1-e-da-salto-na-tabela","status":"publish","type":"post","link":"https:\/\/diarioregionaldigital.com.br\/?p=188024","title":{"rendered":"Brasileiro: Fluminense vence Chape por 2 a 1 e d\u00e1 salto na tabela"},"content":{"rendered":"<p>O Fluminense derrotou a Chapecoense por 2 a 1, nesta ter\u00e7a-feira (7) na Arena Cond\u00e1, e saltou para a 7\u00aa posi\u00e7\u00e3o da classifica\u00e7\u00e3o da S\u00e9rie A do Campeonato Brasileiro. Com o triunfo na partida v\u00e1lida pela 19\u00aa rodada da competi\u00e7\u00e3o, o Tricolor chegou aos 25 pontos.<img decoding=\"async\" src=\"https:\/\/agenciabrasil.ebc.com.br\/ebc.png?id=1421011&amp;o=node\" \/><img decoding=\"async\" src=\"https:\/\/agenciabrasil.ebc.com.br\/ebc.gif?id=1421011&amp;o=node\" \/><\/p>\n<p>J\u00e1 o Verd\u00e3o do Oeste permanece em situa\u00e7\u00e3o muito complicada na classifica\u00e7\u00e3o, ocupando a lanterna, sem vit\u00f3ria alguma, com apenas 7 pontos conquistados.<\/p>\n<p>O triunfo da equipe das Laranjeiras come\u00e7ou a ser constru\u00eddo aos 9 minutos, quando Andr\u00e9 tocou para o atacante Ra\u00fal Bobadilla, que bateu forte e colocado para vencer o goleiro Keiller. Oito minutos mais tarde o Fluminense chegou ao 2 a 0, quando o jovem atacante Luiz Henrique aproveitou cobran\u00e7a de escanteio de Danilo Barcelos para fazer de cabe\u00e7a.<\/p>\n<p>Por\u00e9m, aos 15 minutos do segundo tempo o time da casa descontou com o atacante Perotti, que marcou de cabe\u00e7a ap\u00f3s cruzamento de Denner. O gol s\u00f3 foi confirmado ap\u00f3s o juiz consultar o VAR (\u00e1rbitro de v\u00eddeo).<\/p>\n<p>Na pr\u00f3xima rodada, o Fluminense recebe o S\u00e3o Paulo no Maracan\u00e3 no domingo (12), enquanto a Chapecoense visita o Bragantino um dia antes.<\/p>\n<p><strong>Gol de R\u00f3ger Guedes<\/strong><\/p>\n<p>Na outra partida da rodada disputada nesta ter\u00e7a, o Corinthians empatou em 1 a 1 com o Juventude em S\u00e3o Paulo gra\u00e7as a um gol no final do estreante Roger Guedes. O time ga\u00facho saiu na frente com Ricardo Bueno de cabe\u00e7a. Por\u00e9m, perto do fim, o novo camisa 123 do Tim\u00e3o fez em bela cobran\u00e7a de falta.<\/p>\n<p>Com o resultado, o Juventude chegou \u00e0 13\u00aa posi\u00e7\u00e3o com 23 pontos, enquanto o Tim\u00e3o \u00e9 o 6\u00ba, com 28 pontos. Na pr\u00f3xima rodada o Corinthians visita o Atl\u00e9tico-GO no domingo. Um dia antes o Juventude recebe o Cuiab\u00e1.<\/p>\n<p><span style=\"font-weight: 400;\">Fonte: Ag\u00eancia Brasil <\/span><\/p>\n","protected":false},"excerpt":{"rendered":"<p>O Fluminense derrotou a Chapecoense por 2 a 1, nesta ter\u00e7a-feira (7) na Arena Cond\u00e1, e saltou para a 7\u00aa posi\u00e7\u00e3o da classifica\u00e7\u00e3o da S\u00e9rie A do Campeonato Brasileiro. Com o triunfo na partida v\u00e1lida pela 19\u00aa rodada da competi\u00e7\u00e3o, o Tricolor chegou aos 25 pontos. J\u00e1 o Verd\u00e3o do Oeste permanece em situa\u00e7\u00e3o muito [&hellip;]<\/p>\n","protected":false},"author":246,"featured_media":188025,"comment_status":"closed","ping_status":"closed","sticky":false,"template":"","format":"standard","meta":{"footnotes":""},"categories":[440,257],"tags":[],"class_list":["post-188024","post","type-post","status-publish","format-standard","has-post-thumbnail","hentry","category-destaques-do-dia","category-esporte"],"_links":{"self":[{"href":"https:\/\/diarioregionaldigital.com.br\/index.php?rest_route=\/wp\/v2\/posts\/188024","targetHints":{"allow":["GET"]}}],"collection":[{"href":"https:\/\/diarioregionaldigital.com.br\/index.php?rest_route=\/wp\/v2\/posts"}],"about":[{"href":"https:\/\/diarioregionaldigital.com.br\/index.php?rest_route=\/wp\/v2\/types\/post"}],"author":[{"embeddable":true,"href":"https:\/\/diarioregionaldigital.com.br\/index.php?rest_route=\/wp\/v2\/users\/246"}],"replies":[{"embeddable":true,"href":"https:\/\/diarioregionaldigital.com.br\/index.php?rest_route=%2Fwp%2Fv2%2Fcomments&post=188024"}],"version-history":[{"count":1,"href":"https:\/\/diarioregionaldigital.com.br\/index.php?rest_route=\/wp\/v2\/posts\/188024\/revisions"}],"predecessor-version":[{"id":188026,"href":"https:\/\/diarioregionaldigital.com.br\/index.php?rest_route=\/wp\/v2\/posts\/188024\/revisions\/188026"}],"wp:featuredmedia":[{"embeddable":true,"href":"https:\/\/diarioregionaldigital.com.br\/index.php?rest_route=\/wp\/v2\/media\/188025"}],"wp:attachment":[{"href":"https:\/\/diarioregionaldigital.com.br\/index.php?rest_route=%2Fwp%2Fv2%2Fmedia&parent=188024"}],"wp:term":[{"taxonomy":"category","embeddable":true,"href":"https:\/\/diarioregionaldigital.com.br\/index.php?rest_route=%2Fwp%2Fv2%2Fcategories&post=188024"},{"taxonomy":"post_tag","embeddable":true,"href":"https:\/\/diarioregionaldigital.com.br\/index.php?rest_route=%2Fwp%2Fv2%2Ftags&post=188024"}],"curies":[{"name":"wp","href":"https:\/\/api.w.org\/{rel}","templated":true}]}}