{"id":188021,"date":"2021-09-08T17:30:44","date_gmt":"2021-09-08T20:30:44","guid":{"rendered":"https:\/\/diarioregionaldigital.com.br\/?p=188021"},"modified":"2021-09-08T17:30:44","modified_gmt":"2021-09-08T20:30:44","slug":"minas-gerais-acumula-r-136-bilhoes-em-novos-investimentos-e-projetos-de-expansao","status":"publish","type":"post","link":"https:\/\/diarioregionaldigital.com.br\/?p=188021","title":{"rendered":"Minas Gerais acumula R$ 136 bilh\u00f5es em novos investimentos e projetos de expans\u00e3o"},"content":{"rendered":"<p>O Governo de Minas reitera o compromisso de alavancar os neg\u00f3cios no estado e de desburocratizar o setor p\u00fablico, simplificando a vida dos empreendedores e gerando emprego e renda aos mineiros. Prova disso \u00e9 que de janeiro a agosto deste ano, o Estado atraiu mais de R$ 47 bilh\u00f5es em investimentos privados, valor que certamente vai superar, at\u00e9 o fim de 2021, o recorde de R$ 57 bilh\u00f5es alcan\u00e7ado em 2019.<\/p>\n<p>De acordo com o governador Romeu Zema, mesmo diante das incertezas no mercado financeiro geradas pela pandemia de covid-19 e, mais recentemente, do fantasma da crise h\u00eddrica no pa\u00eds, o esfor\u00e7o em transformar o estado no melhor lugar do Brasil para se fazer neg\u00f3cios tem atra\u00eddo a confian\u00e7a de empres\u00e1rios que acreditam que Minas Gerais \u00e9 o melhor lugar para instalar suas empresas.<\/p>\n<p>\u201cA meta \u00e9 continuar simplificando a vida de quem quer investir, gerar emprego e renda. Minas Gerais tem se destacado na atra\u00e7\u00e3o de investimentos no pa\u00eds porque estamos apresentando um trabalho s\u00e9rio e respons\u00e1vel\u201d, evidencia o governador Romeu Zema.<\/p>\n<p>Somente no m\u00eas de agosto deste ano, a Ag\u00eancia de Promo\u00e7\u00e3o de Investimento e Com\u00e9rcio Exterior de Minas Gerais (Indi) assinou protocolos de inten\u00e7\u00e3o que totalizam mais de R$ 7 bilh\u00f5es, contribuindo para a gera\u00e7\u00e3o de 17 mil novos postos de trabalho em Minas Gerais. J\u00e1 o volume acumulado de 2019 a 2021 soma o expressivo valor de R$ 136\u00a0bilh\u00f5es de investimentos atra\u00eddos.<\/p>\n<p>Para o secret\u00e1rio de Estado de Desenvolvimento Econ\u00f4mico, Fernando Passalio, os n\u00fameros demonstram que o Governo de Minas realiza um ciclo virtuoso de neg\u00f3cios. \u201cHoje, a taxa de convers\u00e3o dos projetos atra\u00eddos \u00e9 de 50%, comprovando que o amplo leque de neg\u00f3cios \u00e9 consequ\u00eancia da estrat\u00e9gia deste governo de expandir a economia, gerando oportunidades para investimentos em v\u00e1rias regi\u00f5es do estado. Al\u00e9m disso, mais de R$ 47 bilh\u00f5es j\u00e1 sa\u00edram do papel e s\u00e3o projetos em realidade\u201d, comemora Passalio.<\/p>\n<p><strong>Estado estrat\u00e9gico<\/strong><\/p>\n<p>A expectativa do Governo de Minas de bater o recorde de investimentos atra\u00eddos em 2019, apostando que 2021 seja o melhor ano em volume de neg\u00f3cios na hist\u00f3ria do estado, est\u00e1 cada vez mais perto de se transformar em realidade, segundo o diretor-presidente do Indi, Jo\u00e3o Paulo Braga.<\/p>\n<p>\u201cOs motivos que justificam esse sucesso s\u00e3o fruto de v\u00e1rios fatores, entre eles, porque o Governo de Minas proporciona um ambiente amigo para quem empreende e, com isso, as empresas olham para Minas Gerais com vontade de fazer neg\u00f3cios aqui\u201d, afirma o diretor-presidente do Indi.<\/p>\n<p>Outro ponto citado por ele \u00e9 a realiza\u00e7\u00e3o de prospec\u00e7\u00e3o mais agressiva desses investimentos pelo pr\u00f3prio Indi. \u201cPor algum tempo no passado, a postura do Governo era muito passiva, ao contr\u00e1rio do que temos apresentado agora, tirando projetos do papel, visitando diversos munic\u00edpios do estado, entendendo as oportunidades e potencialidades de cada cidade e correndo atr\u00e1s de investimentos\u201d, acrescenta Jo\u00e3o Paulo Braga.<\/p>\n<p><strong>Diversifica\u00e7\u00e3o da economia<\/strong><\/p>\n<p>A diversidade dos investimentos contribuiu para a instala\u00e7\u00e3o de grupos importantes, como a Amazon, Mercado Livre, Nike (e-commerce), Cidade Imperial, Grupo Petr\u00f3polis, Heineken (bebidas), Bravo Motor e Itapemirim (transportes), Weg (equipamentos eletroeletr\u00f4nicos) e Docol (metais sanit\u00e1rios), enaltecendo a localiza\u00e7\u00e3o privilegiada do estado no cen\u00e1rio econ\u00f4mico.<\/p>\n<p>\u201cMinas \u00e9 o estado log\u00edstico do Brasil, com destaque para o sul do estado e a Regi\u00e3o Metropolitana de Belo Horizonte. \u00a0A combina\u00e7\u00e3o da localiza\u00e7\u00e3o e acesso aos principais mercados, com a extensa malha rodovi\u00e1ria do estado, aliada aos baixos custos tribut\u00e1rios e de aluguel, torna-se um diferencial para atrair neg\u00f3cios\u201d, ressalta o diretor-presidente do Indi.<\/p>\n<p>Outra aposta de investimento \u00e9 o setor de energia renov\u00e1vel, que produz a partir de fonte limpa t\u00e3o necess\u00e1ria para buscar a mitiga\u00e7\u00e3o das mudan\u00e7as clim\u00e1ticas e dos efeitos da crise h\u00eddrica. \u201cMinas \u00e9 o estado que apresenta as melhores condi\u00e7\u00f5es para se produzir energia solar, onde se concentra altos \u00edndices solarim\u00e9tricos (quantidade de luz solar incidente) para a produ\u00e7\u00e3o de energia fotovoltaica, sendo um grande atrativo para instigar empreendedores. Tamb\u00e9m estamos avan\u00e7ando para grandes projetos de energia e\u00f3lica e de hidrog\u00eanio verde\u201d, acrescenta Jo\u00e3o Paulo.<\/p>\n<p><span style=\"font-weight: 400;\">Fonte: Ag\u00eancia Minas <\/span><\/p>\n","protected":false},"excerpt":{"rendered":"<p>O Governo de Minas reitera o compromisso de alavancar os neg\u00f3cios no estado e de desburocratizar o setor p\u00fablico, simplificando a vida dos empreendedores e gerando emprego e renda aos mineiros. Prova disso \u00e9 que de janeiro a agosto deste ano, o Estado atraiu mais de R$ 47 bilh\u00f5es em investimentos privados, valor que certamente [&hellip;]<\/p>\n","protected":false},"author":246,"featured_media":188022,"comment_status":"closed","ping_status":"closed","sticky":false,"template":"","format":"standard","meta":{"footnotes":""},"categories":[436,254],"tags":[],"class_list":["post-188021","post","type-post","status-publish","format-standard","has-post-thumbnail","hentry","category-destaque-da-semana","category-politica"],"_links":{"self":[{"href":"https:\/\/diarioregionaldigital.com.br\/index.php?rest_route=\/wp\/v2\/posts\/188021","targetHints":{"allow":["GET"]}}],"collection":[{"href":"https:\/\/diarioregionaldigital.com.br\/index.php?rest_route=\/wp\/v2\/posts"}],"about":[{"href":"https:\/\/diarioregionaldigital.com.br\/index.php?rest_route=\/wp\/v2\/types\/post"}],"author":[{"embeddable":true,"href":"https:\/\/diarioregionaldigital.com.br\/index.php?rest_route=\/wp\/v2\/users\/246"}],"replies":[{"embeddable":true,"href":"https:\/\/diarioregionaldigital.com.br\/index.php?rest_route=%2Fwp%2Fv2%2Fcomments&post=188021"}],"version-history":[{"count":1,"href":"https:\/\/diarioregionaldigital.com.br\/index.php?rest_route=\/wp\/v2\/posts\/188021\/revisions"}],"predecessor-version":[{"id":188023,"href":"https:\/\/diarioregionaldigital.com.br\/index.php?rest_route=\/wp\/v2\/posts\/188021\/revisions\/188023"}],"wp:featuredmedia":[{"embeddable":true,"href":"https:\/\/diarioregionaldigital.com.br\/index.php?rest_route=\/wp\/v2\/media\/188022"}],"wp:attachment":[{"href":"https:\/\/diarioregionaldigital.com.br\/index.php?rest_route=%2Fwp%2Fv2%2Fmedia&parent=188021"}],"wp:term":[{"taxonomy":"category","embeddable":true,"href":"https:\/\/diarioregionaldigital.com.br\/index.php?rest_route=%2Fwp%2Fv2%2Fcategories&post=188021"},{"taxonomy":"post_tag","embeddable":true,"href":"https:\/\/diarioregionaldigital.com.br\/index.php?rest_route=%2Fwp%2Fv2%2Ftags&post=188021"}],"curies":[{"name":"wp","href":"https:\/\/api.w.org\/{rel}","templated":true}]}}