{"id":188014,"date":"2021-09-08T17:26:43","date_gmt":"2021-09-08T20:26:43","guid":{"rendered":"https:\/\/diarioregionaldigital.com.br\/?p=188014"},"modified":"2021-09-08T17:26:43","modified_gmt":"2021-09-08T20:26:43","slug":"presidente-da-camara-pede-pacificacao-entre-judiciario-e-executivo","status":"publish","type":"post","link":"https:\/\/diarioregionaldigital.com.br\/?p=188014","title":{"rendered":"Presidente da C\u00e2mara pede pacifica\u00e7\u00e3o entre Judici\u00e1rio e Executivo"},"content":{"rendered":"<p>O presidente da C\u00e2mara dos Deputados, Arthur Lira (PP-AL), disse hoje (8) que a Casa vai se posicionar como ponto de pacifica\u00e7\u00e3o entre Judici\u00e1rio e Executivo. Lira disse tamb\u00e9m que n\u00e3o h\u00e1 mais espa\u00e7o para radicalismos e excessos e que a C\u00e2mara est\u00e1 aberta a conversas e negocia\u00e7\u00f5es para diminuir o atrito entre os Poderes.<img decoding=\"async\" src=\"https:\/\/agenciabrasil.ebc.com.br\/ebc.png?id=1421065&amp;o=node\" \/><img decoding=\"async\" src=\"https:\/\/agenciabrasil.ebc.com.br\/ebc.gif?id=1421065&amp;o=node\" \/><\/p>\n<p>\u201cA C\u00e2mara dos Deputados apresenta-se hoje como um motor de pacifica\u00e7\u00e3o. Na disc\u00f3rdia, todos perdem, mas o Brasil e a nossa hist\u00f3ria t\u00eam ainda mais o que perder. Nosso pa\u00eds foi constru\u00eddo com uni\u00e3o e solidariedade e n\u00e3o h\u00e1 receita para superar a grave crise socioecon\u00f4mica sem estes elementos\u201d, afirmou Lira.<\/p>\n<p>O presidente da C\u00e2mara fez o pronunciamento na tarde desta quarta-feira, ap\u00f3s os atos de ontem, nos quais o\u00a0<a href=\"https:\/\/agenciabrasil.ebc.com.br\/geral\/noticia\/2021-09\/presidente-discursa-em-manifestacao-de-apoiadores-em-sp\">presidente da Rep\u00fablica, Jair Bolsonaro, fez cr\u00edticas<\/a>\u00a0ao Supremo Tribunal Federal (STF), onde \u00e9 alvo de quatro investiga\u00e7\u00f5es. Na ocasi\u00e3o, o presidente disse que n\u00e3o aceitar\u00e1 mais as decis\u00f5es proferidas pelo ministro Alexandre de Moraes. Bolsonaro tamb\u00e9m criticou o Tribunal Superior Eleitoral (TSE) e defendeu o voto impresso, com contagem p\u00fablica.<\/p>\n<p>\u201cDiante dos acontecimentos de ontem, quando abrimos as comemora\u00e7\u00f5es de 200 anos como na\u00e7\u00e3o livre e independente, n\u00e3o vejo como possamos ter ainda mais espa\u00e7o para radicalismo e excessos. Esperei at\u00e9 agora para me pronunciar porque n\u00e3o queria ser contaminado pelo calor de um ambiente j\u00e1 por demais aquecido. N\u00e3o me esque\u00e7o um minuto que presido o Poder mais transparente e democr\u00e1tico\u201d, disse.<\/p>\n<p><strong>Constitui\u00e7\u00e3o<\/strong><\/p>\n<p>Lira ressaltou que os Poderes t\u00eam suas limita\u00e7\u00f5es e devem se circunscrever ao que diz a Constitui\u00e7\u00e3o. Ele acrescentou que n\u00e3o vai permitir questionamentos sobre decis\u00f5es tomadas como a que rejeitou um projeto sobre voto impresso.<\/p>\n<p>\u201cOs Poderes t\u00eam delimita\u00e7\u00f5es \u2013 o tal quadrado, que deve circunscrever seu raio de atua\u00e7\u00e3o. Isso define respeito e harmonia. N\u00e3o posso admitir questionamentos sobre decis\u00f5es tomadas e superadas \u2013 como a do voto impresso. Uma vez definida, vira-se a p\u00e1gina\u201d, afirmou.<\/p>\n<p>Em outro trecho do pronunciamento, Lira tamb\u00e9m afirmou que a C\u00e2mara quer seguir com as suas prerrogativas, entre elas, seguir votando o \u201cque \u00e9 de interesse p\u00fablico\u201d. Segundo o presidente da C\u00e2mara, quando Oscar Niemeyer e L\u00facio Costa imaginaram a Pra\u00e7a dos Tr\u00eas Poderes colocaram as sedes de cada poder equidistante uma das outras.<\/p>\n<p>\u201cEquidistantes \u2013 mas vizinhos e pr\u00f3ximos suficientes para que hoje a gente possa se apresentar como uma ponte de pacifica\u00e7\u00e3o entre Judici\u00e1rio e Executivo. E \u00e9 este papel que queremos desempenhar agora. A C\u00e2mara dos Deputados est\u00e1 aberta a conversas e negocia\u00e7\u00f5es para serenarmos. Para que todos possamos nos voltar ao Brasil real que sofre com o pre\u00e7o do g\u00e1s, por exemplo\u201d, disse.<\/p>\n<p>Lira disse que vai continuar conversando com todos e que \u00e9 hora de \u201cdar um basta a esta escalada, em um infinito\u00a0<em>looping\u00a0<\/em>negativo\u201d.<\/p>\n<p>\u201cBravatas em redes sociais, v\u00eddeos e um eterno palanque deixaram de ser um elemento virtual e passaram a impactar o dia a dia do Brasil de verdade. O Brasil que v\u00ea a gasolina chegar a R$ 7 reais, o d\u00f3lar valorizado em excesso e a redu\u00e7\u00e3o de expectativas. Uma crise que, infelizmente, \u00e9 superdimensionada pelas redes sociais, que apesar de amplificar a democracia, estimula incita\u00e7\u00f5es e excessos\u201d, disse.<\/p>\n<p><strong>Elei\u00e7\u00f5es<\/strong><\/p>\n<p>O presidente da C\u00e2mara disse que a Constitui\u00e7\u00e3o \u201cjamais ser\u00e1 rasgada\u201d e que o pa\u00eds tem um compromisso inadi\u00e1vel com as pr\u00f3ximas elei\u00e7\u00f5es.<\/p>\n<p>\u201cO \u00fanico compromisso inadi\u00e1vel e inquestion\u00e1vel que temos em nosso calend\u00e1rio est\u00e1 marcado para 3 de outubro de 2022. Com as urnas eletr\u00f4nicas. S\u00e3o nas cabines eleitorais, com sigilo e seguran\u00e7a, que o povo expressa sua soberania\u201d, afirmou.<\/p>\n<p><strong>Livre express\u00e3o<\/strong><\/p>\n<p>Lira tamb\u00e9m fez refer\u00eancia ao Judici\u00e1rio e disse que vai seguir defendendo o direito dos parlamentares \u00e0 livre express\u00e3o.<\/p>\n<p>\u201cAssim como tamb\u00e9m vou seguir defendendo o direito dos parlamentares \u00e0 livre express\u00e3o \u2013 e a nossa prerrogativa de puni-los internamente se a Casa com sua soberania e independ\u00eancia entender que cruzaram a linha\u201d, afirmou Lira em refer\u00eancia a decis\u00f5es do STF que atingiram deputados, como Daniel Silveira (PSL-RJ) e Otoni de Paula (PSC-RJ).<\/p>\n<p><span style=\"font-weight: 400;\">Fonte: Ag\u00eancia Brasil <\/span><\/p>\n","protected":false},"excerpt":{"rendered":"<p>O presidente da C\u00e2mara dos Deputados, Arthur Lira (PP-AL), disse hoje (8) que a Casa vai se posicionar como ponto de pacifica\u00e7\u00e3o entre Judici\u00e1rio e Executivo. Lira disse tamb\u00e9m que n\u00e3o h\u00e1 mais espa\u00e7o para radicalismos e excessos e que a C\u00e2mara est\u00e1 aberta a conversas e negocia\u00e7\u00f5es para diminuir o atrito entre os Poderes. [&hellip;]<\/p>\n","protected":false},"author":246,"featured_media":188015,"comment_status":"closed","ping_status":"closed","sticky":false,"template":"","format":"standard","meta":{"footnotes":""},"categories":[436,254],"tags":[],"class_list":["post-188014","post","type-post","status-publish","format-standard","has-post-thumbnail","hentry","category-destaque-da-semana","category-politica"],"_links":{"self":[{"href":"https:\/\/diarioregionaldigital.com.br\/index.php?rest_route=\/wp\/v2\/posts\/188014","targetHints":{"allow":["GET"]}}],"collection":[{"href":"https:\/\/diarioregionaldigital.com.br\/index.php?rest_route=\/wp\/v2\/posts"}],"about":[{"href":"https:\/\/diarioregionaldigital.com.br\/index.php?rest_route=\/wp\/v2\/types\/post"}],"author":[{"embeddable":true,"href":"https:\/\/diarioregionaldigital.com.br\/index.php?rest_route=\/wp\/v2\/users\/246"}],"replies":[{"embeddable":true,"href":"https:\/\/diarioregionaldigital.com.br\/index.php?rest_route=%2Fwp%2Fv2%2Fcomments&post=188014"}],"version-history":[{"count":2,"href":"https:\/\/diarioregionaldigital.com.br\/index.php?rest_route=\/wp\/v2\/posts\/188014\/revisions"}],"predecessor-version":[{"id":188017,"href":"https:\/\/diarioregionaldigital.com.br\/index.php?rest_route=\/wp\/v2\/posts\/188014\/revisions\/188017"}],"wp:featuredmedia":[{"embeddable":true,"href":"https:\/\/diarioregionaldigital.com.br\/index.php?rest_route=\/wp\/v2\/media\/188015"}],"wp:attachment":[{"href":"https:\/\/diarioregionaldigital.com.br\/index.php?rest_route=%2Fwp%2Fv2%2Fmedia&parent=188014"}],"wp:term":[{"taxonomy":"category","embeddable":true,"href":"https:\/\/diarioregionaldigital.com.br\/index.php?rest_route=%2Fwp%2Fv2%2Fcategories&post=188014"},{"taxonomy":"post_tag","embeddable":true,"href":"https:\/\/diarioregionaldigital.com.br\/index.php?rest_route=%2Fwp%2Fv2%2Ftags&post=188014"}],"curies":[{"name":"wp","href":"https:\/\/api.w.org\/{rel}","templated":true}]}}