{"id":188011,"date":"2021-09-08T17:24:15","date_gmt":"2021-09-08T20:24:15","guid":{"rendered":"https:\/\/diarioregionaldigital.com.br\/?p=188011"},"modified":"2021-09-08T17:24:15","modified_gmt":"2021-09-08T20:24:15","slug":"presidente-do-stf-corte-nao-aceitara-ameacas-a-sua-independencia","status":"publish","type":"post","link":"https:\/\/diarioregionaldigital.com.br\/?p=188011","title":{"rendered":"Presidente do STF: Corte n\u00e3o aceitar\u00e1 amea\u00e7as \u00e0 sua independ\u00eancia"},"content":{"rendered":"<p>O presidente do Supremo Tribunal Federal (STF), ministro Luiz Fux, disse hoje (8) que a Corte n\u00e3o vai aceitar amea\u00e7as \u00e0 sua independ\u00eancia e ao cumprimento de suas decis\u00f5es. As declara\u00e7\u00f5es foram dadas em resposta \u00e0s falas do presidente Jair Bolsonaro durante as manifesta\u00e7\u00f5es de 7 de setembro.\u00a0<img decoding=\"async\" src=\"https:\/\/agenciabrasil.ebc.com.br\/ebc.png?id=1421064&amp;o=node\" \/><img decoding=\"async\" src=\"https:\/\/agenciabrasil.ebc.com.br\/ebc.gif?id=1421064&amp;o=node\" \/><\/p>\n<p>No in\u00edcio da sess\u00e3o desta tarde, o presidente do STF leu discurso no qual declarou que cr\u00edticas institucionais ao trabalho da Corte n\u00e3o se confundem com \u201cnarrativas de descredibiliza\u00e7\u00e3o do STF e de seus membros, tal como vem sendo gravemente difundidas pelo chefe da na\u00e7\u00e3o\u201d.<\/p>\n<p>\u201cOfender a honra dos ministros, incitar a popula\u00e7\u00e3o a propagar discursos de \u00f3dio contra a institui\u00e7\u00e3o do Supremo Tribunal Federal e incentivar o descumprimento de decis\u00f5es judiciais s\u00e3o pr\u00e1ticas antidemocr\u00e1ticas, il\u00edcitas e intoler\u00e1veis, em respeito ao juramento constitucional que fizemos ao assumirmos uma cadeira na Corte\u201d, afirmou.<\/p>\n<p>Fux tamb\u00e9m declarou que o Supremo n\u00e3o vai aceitar amea\u00e7as ao descumprimento de suas decis\u00f5es.<\/p>\n<p>\u201cO Supremo Tribunal Federal tamb\u00e9m n\u00e3o tolerar\u00e1 amea\u00e7as \u00e0 autoridade de suas decis\u00f5es. Se o desprezo \u00e0s decis\u00f5es judiciais ocorre por iniciativa do chefe de qualquer dos Poderes, essa atitude, al\u00e9m de representar um atentado \u00e0 democracia, configura crime de responsabilidade, a ser analisado pelo Congresso Nacional&#8221;, alertou.<\/p>\n<p>O presidente do STF tamb\u00e9m destacou que as manifesta\u00e7\u00f5es ocorreram pacificamente e elogiou as for\u00e7as de seguran\u00e7a por preservarem a ordem.<\/p>\n<p>\u201cDe norte a sul do pa\u00eds, percebemos que os policiais e demais agentes atuaram conscientes de que a democracia \u00e9 importante n\u00e3o apenas para si, mas tamb\u00e9m para seus filhos, que crescer\u00e3o ao p\u00e1lio da normalidade institucional que seus pais contribu\u00edram para manter\u201d, disse.<\/p>\n<p><strong>PGR<\/strong><\/p>\n<p>O procurador-geral da Rep\u00fablica, Augusto Aras, tamb\u00e9m discursou e destacou que as manifesta\u00e7\u00f5es realizadas ontem ocorreram de forma pac\u00edfica. \u201cAcompanhamos ontem uma festa c\u00edvica, com manifesta\u00e7\u00f5es pac\u00edficas, que ocorreram hegemonicamente de forma ordeira pelas vias p\u00fablicas do Brasil\u201d, avaliou.<\/p>\n<p>Aras tamb\u00e9m defendeu o di\u00e1logo como caminho para a paz e consenso social. \u201cO Minist\u00e9rio P\u00fablico brasileiro atua e atuar\u00e1 para que, com di\u00e1logo, independ\u00eancia e harmonia, continuemos a perseverar nesse percurso de engrandecimento do nosso Brasil\u201d, afirmou.<\/p>\n<p><span style=\"font-weight: 400;\">Fonte: Ag\u00eancia Brasil\u00a0<\/span><span style=\"font-weight: 400;\"><br \/>\n<\/span><\/p>\n","protected":false},"excerpt":{"rendered":"<p>O presidente do Supremo Tribunal Federal (STF), ministro Luiz Fux, disse hoje (8) que a Corte n\u00e3o vai aceitar amea\u00e7as \u00e0 sua independ\u00eancia e ao cumprimento de suas decis\u00f5es. As declara\u00e7\u00f5es foram dadas em resposta \u00e0s falas do presidente Jair Bolsonaro durante as manifesta\u00e7\u00f5es de 7 de setembro.\u00a0 No in\u00edcio da sess\u00e3o desta tarde, o [&hellip;]<\/p>\n","protected":false},"author":246,"featured_media":188012,"comment_status":"closed","ping_status":"closed","sticky":false,"template":"","format":"standard","meta":{"footnotes":""},"categories":[440,254],"tags":[],"class_list":["post-188011","post","type-post","status-publish","format-standard","has-post-thumbnail","hentry","category-destaques-do-dia","category-politica"],"_links":{"self":[{"href":"https:\/\/diarioregionaldigital.com.br\/index.php?rest_route=\/wp\/v2\/posts\/188011","targetHints":{"allow":["GET"]}}],"collection":[{"href":"https:\/\/diarioregionaldigital.com.br\/index.php?rest_route=\/wp\/v2\/posts"}],"about":[{"href":"https:\/\/diarioregionaldigital.com.br\/index.php?rest_route=\/wp\/v2\/types\/post"}],"author":[{"embeddable":true,"href":"https:\/\/diarioregionaldigital.com.br\/index.php?rest_route=\/wp\/v2\/users\/246"}],"replies":[{"embeddable":true,"href":"https:\/\/diarioregionaldigital.com.br\/index.php?rest_route=%2Fwp%2Fv2%2Fcomments&post=188011"}],"version-history":[{"count":1,"href":"https:\/\/diarioregionaldigital.com.br\/index.php?rest_route=\/wp\/v2\/posts\/188011\/revisions"}],"predecessor-version":[{"id":188013,"href":"https:\/\/diarioregionaldigital.com.br\/index.php?rest_route=\/wp\/v2\/posts\/188011\/revisions\/188013"}],"wp:featuredmedia":[{"embeddable":true,"href":"https:\/\/diarioregionaldigital.com.br\/index.php?rest_route=\/wp\/v2\/media\/188012"}],"wp:attachment":[{"href":"https:\/\/diarioregionaldigital.com.br\/index.php?rest_route=%2Fwp%2Fv2%2Fmedia&parent=188011"}],"wp:term":[{"taxonomy":"category","embeddable":true,"href":"https:\/\/diarioregionaldigital.com.br\/index.php?rest_route=%2Fwp%2Fv2%2Fcategories&post=188011"},{"taxonomy":"post_tag","embeddable":true,"href":"https:\/\/diarioregionaldigital.com.br\/index.php?rest_route=%2Fwp%2Fv2%2Ftags&post=188011"}],"curies":[{"name":"wp","href":"https:\/\/api.w.org\/{rel}","templated":true}]}}