{"id":188008,"date":"2021-09-08T17:11:54","date_gmt":"2021-09-08T20:11:54","guid":{"rendered":"https:\/\/diarioregionaldigital.com.br\/?p=188008"},"modified":"2021-09-08T17:11:54","modified_gmt":"2021-09-08T20:11:54","slug":"igp-di-registra-queda-de-precos-de-014-em-agosto-diz-fgv","status":"publish","type":"post","link":"https:\/\/diarioregionaldigital.com.br\/?p=188008","title":{"rendered":"IGP-DI registra queda de pre\u00e7os de 0,14% em agosto, diz FGV"},"content":{"rendered":"<p>O \u00cdndice Geral de Pre\u00e7os \u2013 Disponibilidade Interna (IGP-DI), medido pela Funda\u00e7\u00e3o Getulio Vargas (FGV), registrou defla\u00e7\u00e3o (queda de pre\u00e7os) de 0,14% em agosto deste ano. No m\u00eas anterior, o indicador havia registrado infla\u00e7\u00e3o de 1,45%. J\u00e1 em agosto de 2020, a taxa havia sido de 3,87%.<img decoding=\"async\" src=\"https:\/\/agenciabrasil.ebc.com.br\/ebc.png?id=1421021&amp;o=node\" \/><img decoding=\"async\" src=\"https:\/\/agenciabrasil.ebc.com.br\/ebc.gif?id=1421021&amp;o=node\" \/><\/p>\n<p>Com o resultado de agosto deste ano, o IGP-DI acumula taxas de infla\u00e7\u00e3o de 15,75% no ano e de 28,21% em 12 meses.<\/p>\n<p>A queda da taxa de julho para agosto foi puxada principalmente pelos pre\u00e7os no atacado. O \u00cdndice de Pre\u00e7os ao Produtor Amplo (IPA) teve defla\u00e7\u00e3o de 0,42% em agosto, ante uma infla\u00e7\u00e3o de 1,65% em julho.<\/p>\n<p>O \u00cdndice de Pre\u00e7os ao Consumidor (IPC), que mede o varejo, e o \u00cdndice Nacional de Custo da Constru\u00e7\u00e3o (INCC) tamb\u00e9m tiveram queda na taxa, mas continuaram registrando infla\u00e7\u00e3o.<\/p>\n<p>O IPC recuou de 0,92% em julho para 0,71% em agosto. J\u00e1 o INCC caiu de 0,85% para 0,46% no per\u00edodo.<\/p>\n<p><span style=\"font-weight: 400;\">Fonte: Ag\u00eancia Brasil <\/span><\/p>\n","protected":false},"excerpt":{"rendered":"<p>O \u00cdndice Geral de Pre\u00e7os \u2013 Disponibilidade Interna (IGP-DI), medido pela Funda\u00e7\u00e3o Getulio Vargas (FGV), registrou defla\u00e7\u00e3o (queda de pre\u00e7os) de 0,14% em agosto deste ano. No m\u00eas anterior, o indicador havia registrado infla\u00e7\u00e3o de 1,45%. J\u00e1 em agosto de 2020, a taxa havia sido de 3,87%. Com o resultado de agosto deste ano, o [&hellip;]<\/p>\n","protected":false},"author":246,"featured_media":188009,"comment_status":"closed","ping_status":"closed","sticky":false,"template":"","format":"standard","meta":{"footnotes":""},"categories":[436,261],"tags":[],"class_list":["post-188008","post","type-post","status-publish","format-standard","has-post-thumbnail","hentry","category-destaque-da-semana","category-economia"],"_links":{"self":[{"href":"https:\/\/diarioregionaldigital.com.br\/index.php?rest_route=\/wp\/v2\/posts\/188008","targetHints":{"allow":["GET"]}}],"collection":[{"href":"https:\/\/diarioregionaldigital.com.br\/index.php?rest_route=\/wp\/v2\/posts"}],"about":[{"href":"https:\/\/diarioregionaldigital.com.br\/index.php?rest_route=\/wp\/v2\/types\/post"}],"author":[{"embeddable":true,"href":"https:\/\/diarioregionaldigital.com.br\/index.php?rest_route=\/wp\/v2\/users\/246"}],"replies":[{"embeddable":true,"href":"https:\/\/diarioregionaldigital.com.br\/index.php?rest_route=%2Fwp%2Fv2%2Fcomments&post=188008"}],"version-history":[{"count":1,"href":"https:\/\/diarioregionaldigital.com.br\/index.php?rest_route=\/wp\/v2\/posts\/188008\/revisions"}],"predecessor-version":[{"id":188010,"href":"https:\/\/diarioregionaldigital.com.br\/index.php?rest_route=\/wp\/v2\/posts\/188008\/revisions\/188010"}],"wp:featuredmedia":[{"embeddable":true,"href":"https:\/\/diarioregionaldigital.com.br\/index.php?rest_route=\/wp\/v2\/media\/188009"}],"wp:attachment":[{"href":"https:\/\/diarioregionaldigital.com.br\/index.php?rest_route=%2Fwp%2Fv2%2Fmedia&parent=188008"}],"wp:term":[{"taxonomy":"category","embeddable":true,"href":"https:\/\/diarioregionaldigital.com.br\/index.php?rest_route=%2Fwp%2Fv2%2Fcategories&post=188008"},{"taxonomy":"post_tag","embeddable":true,"href":"https:\/\/diarioregionaldigital.com.br\/index.php?rest_route=%2Fwp%2Fv2%2Ftags&post=188008"}],"curies":[{"name":"wp","href":"https:\/\/api.w.org\/{rel}","templated":true}]}}