{"id":188005,"date":"2021-09-08T17:08:28","date_gmt":"2021-09-08T20:08:28","guid":{"rendered":"https:\/\/diarioregionaldigital.com.br\/?p=188005"},"modified":"2021-09-08T17:08:28","modified_gmt":"2021-09-08T20:08:28","slug":"indicador-do-mercado-de-trabalho-da-fgv-sobe-09-ponto-e-chega-a-901","status":"publish","type":"post","link":"https:\/\/diarioregionaldigital.com.br\/?p=188005","title":{"rendered":"Indicador do mercado de trabalho da FGV sobe 0,9 ponto e chega a 90,1"},"content":{"rendered":"<p>O Indicador Antecedente de Emprego (IAEmp), medido pela Funda\u00e7\u00e3o Getulio Vargas (FGV), subiu 0,9 ponto em agosto e chegou a 90,1 pontos. Esse \u00e9 o maior n\u00edvel desde fevereiro de 2020 (92 pontos), ou seja, per\u00edodo pr\u00e9-pandemia no Brasil.<img decoding=\"async\" src=\"https:\/\/agenciabrasil.ebc.com.br\/ebc.png?id=1421024&amp;o=node\" \/><img decoding=\"async\" src=\"https:\/\/agenciabrasil.ebc.com.br\/ebc.gif?id=1421024&amp;o=node\" \/><\/p>\n<p>\u201cO IAEmp avan\u00e7a pelo quinto m\u00eas consecutivo e se aproxima do n\u00edvel pr\u00e9 pandemia. Ap\u00f3s o impacto da segunda onda de covid, o movimento iniciado de flexibiliza\u00e7\u00e3o desde ent\u00e3o parecem ter contribu\u00eddo para a retomada do mercado de trabalho. O resultado mais t\u00edmido do indicador nesse m\u00eas sugere que essa recupera\u00e7\u00e3o ainda deve ser gradual. O controle da pandemia e a melhora do setor de servi\u00e7os, setor que mais emprega, s\u00e3o fundamentais para a continuidade desse cen\u00e1rio positivo\u201d, disse o economista da FGV Rodolpho Tobler.<\/p>\n<p>O IAEmp, medido com base em entrevistas com consumidores e empres\u00e1rios da ind\u00fastria e dos servi\u00e7os, busca antecipar tend\u00eancias do mercado de trabalho no pa\u00eds. Dos sete componentes do IAEmp, a situa\u00e7\u00e3o corrente dos servi\u00e7os foi a que mais contribuiu para a alta do \u00edndice,\u00a0com um avan\u00e7o de 7,4 pontos.<\/p>\n<p>Fonte: Ag\u00eancia Brasil<\/p>\n","protected":false},"excerpt":{"rendered":"<p>O Indicador Antecedente de Emprego (IAEmp), medido pela Funda\u00e7\u00e3o Getulio Vargas (FGV), subiu 0,9 ponto em agosto e chegou a 90,1 pontos. Esse \u00e9 o maior n\u00edvel desde fevereiro de 2020 (92 pontos), ou seja, per\u00edodo pr\u00e9-pandemia no Brasil. \u201cO IAEmp avan\u00e7a pelo quinto m\u00eas consecutivo e se aproxima do n\u00edvel pr\u00e9 pandemia. Ap\u00f3s o [&hellip;]<\/p>\n","protected":false},"author":246,"featured_media":188006,"comment_status":"closed","ping_status":"closed","sticky":false,"template":"","format":"standard","meta":{"footnotes":""},"categories":[436,261],"tags":[],"class_list":["post-188005","post","type-post","status-publish","format-standard","has-post-thumbnail","hentry","category-destaque-da-semana","category-economia"],"_links":{"self":[{"href":"https:\/\/diarioregionaldigital.com.br\/index.php?rest_route=\/wp\/v2\/posts\/188005","targetHints":{"allow":["GET"]}}],"collection":[{"href":"https:\/\/diarioregionaldigital.com.br\/index.php?rest_route=\/wp\/v2\/posts"}],"about":[{"href":"https:\/\/diarioregionaldigital.com.br\/index.php?rest_route=\/wp\/v2\/types\/post"}],"author":[{"embeddable":true,"href":"https:\/\/diarioregionaldigital.com.br\/index.php?rest_route=\/wp\/v2\/users\/246"}],"replies":[{"embeddable":true,"href":"https:\/\/diarioregionaldigital.com.br\/index.php?rest_route=%2Fwp%2Fv2%2Fcomments&post=188005"}],"version-history":[{"count":1,"href":"https:\/\/diarioregionaldigital.com.br\/index.php?rest_route=\/wp\/v2\/posts\/188005\/revisions"}],"predecessor-version":[{"id":188007,"href":"https:\/\/diarioregionaldigital.com.br\/index.php?rest_route=\/wp\/v2\/posts\/188005\/revisions\/188007"}],"wp:featuredmedia":[{"embeddable":true,"href":"https:\/\/diarioregionaldigital.com.br\/index.php?rest_route=\/wp\/v2\/media\/188006"}],"wp:attachment":[{"href":"https:\/\/diarioregionaldigital.com.br\/index.php?rest_route=%2Fwp%2Fv2%2Fmedia&parent=188005"}],"wp:term":[{"taxonomy":"category","embeddable":true,"href":"https:\/\/diarioregionaldigital.com.br\/index.php?rest_route=%2Fwp%2Fv2%2Fcategories&post=188005"},{"taxonomy":"post_tag","embeddable":true,"href":"https:\/\/diarioregionaldigital.com.br\/index.php?rest_route=%2Fwp%2Fv2%2Ftags&post=188005"}],"curies":[{"name":"wp","href":"https:\/\/api.w.org\/{rel}","templated":true}]}}