{"id":188002,"date":"2021-09-08T17:05:57","date_gmt":"2021-09-08T20:05:57","guid":{"rendered":"https:\/\/diarioregionaldigital.com.br\/?p=188002"},"modified":"2021-09-08T17:05:57","modified_gmt":"2021-09-08T20:05:57","slug":"producao-de-veiculos-cresce-03-em-agosto","status":"publish","type":"post","link":"https:\/\/diarioregionaldigital.com.br\/?p=188002","title":{"rendered":"Produ\u00e7\u00e3o de ve\u00edculos cresce 0,3% em agosto"},"content":{"rendered":"<p>A produ\u00e7\u00e3o de ve\u00edculos teve aumento de 0,3% em agosto chegando a 164 mil unidades. J\u00e1 na compara\u00e7\u00e3o com agosto de 2020, quando foram produzidas 210 mil unidades, houve queda de 21,9%. No acumulado do ano o setor registrou expans\u00e3o de 33% com a produ\u00e7\u00e3o de 1.476,1 mil ve\u00edculos.\u00a0<img decoding=\"async\" src=\"https:\/\/agenciabrasil.ebc.com.br\/ebc.png?id=1421047&amp;o=node\" \/><img decoding=\"async\" src=\"https:\/\/agenciabrasil.ebc.com.br\/ebc.gif?id=1421047&amp;o=node\" \/><\/p>\n<p>Os dados foram divulgados hoje (8), em S\u00e3o Paulo, pela Associa\u00e7\u00e3o Nacional dos Fabricantes de Ve\u00edculos Automotores (Anfavea), que observou o aumento no m\u00eas mesmo com as paralisa\u00e7\u00f5es totais ou parciais de 11 f\u00e1bricas, por conta da falta de semicondutores.<\/p>\n<p>\u201cEssa situa\u00e7\u00e3o dos semicondutores traz uma enorme imprevisibilidade para o desempenho da ind\u00fastria no restante do ano. Num cen\u00e1rio normal, estar\u00edamos produzindo num ritmo acelerado nesta \u00e9poca, quando as vendas geralmente ficam mais aquecidas. No ano passado, t\u00ednhamos boa produ\u00e7\u00e3o no segundo semestre, mas uma demanda imprevis\u00edvel em fun\u00e7\u00e3o da pandemia. Neste ano, temos a volta da demanda, mas infelizmente uma quebra consider\u00e1vel na produ\u00e7\u00e3o\u201d, disse o presidente da Anfavea, Luiz Carlos Moraes.<\/p>\n<p><strong>Filas de espera por ve\u00edculos<\/strong><\/p>\n<p>Segundo a entidade, a crise dos semicondutores reflete nos estoques que est\u00e3o sendo consumidos rapidamente e sem condi\u00e7\u00e3o de renova\u00e7\u00e3o a curto prazo. No in\u00edcio do m\u00eas, havia 76,4 mil unidades dispon\u00edveis, o suficiente para menos de duas semanas de vendas, o que explica as filas de espera para v\u00e1rios produtos.<\/p>\n<p>Por conta do baixo n\u00edvel de estoques, os licenciamentos em agosto totalizaram 172,8 mil unidades, com queda de 1,5% sobre julho e de 5,8% em rela\u00e7\u00e3o a agosto de 2020.<\/p>\n<p>J\u00e1 as vendas para o com\u00e9rcio exterior apresentaram resultado positivo com o embarque de 29,4 mil autove\u00edculos, 23,9% a mais do que em julho e 5,5% a mais do que em agosto de 2020.<\/p>\n<p><span style=\"font-weight: 400;\">Fonte: Ag\u00eancia Brasil <\/span><\/p>\n","protected":false},"excerpt":{"rendered":"<p>A produ\u00e7\u00e3o de ve\u00edculos teve aumento de 0,3% em agosto chegando a 164 mil unidades. J\u00e1 na compara\u00e7\u00e3o com agosto de 2020, quando foram produzidas 210 mil unidades, houve queda de 21,9%. No acumulado do ano o setor registrou expans\u00e3o de 33% com a produ\u00e7\u00e3o de 1.476,1 mil ve\u00edculos.\u00a0 Os dados foram divulgados hoje (8), [&hellip;]<\/p>\n","protected":false},"author":246,"featured_media":188003,"comment_status":"closed","ping_status":"closed","sticky":false,"template":"","format":"standard","meta":{"footnotes":""},"categories":[436,261],"tags":[],"class_list":["post-188002","post","type-post","status-publish","format-standard","has-post-thumbnail","hentry","category-destaque-da-semana","category-economia"],"_links":{"self":[{"href":"https:\/\/diarioregionaldigital.com.br\/index.php?rest_route=\/wp\/v2\/posts\/188002","targetHints":{"allow":["GET"]}}],"collection":[{"href":"https:\/\/diarioregionaldigital.com.br\/index.php?rest_route=\/wp\/v2\/posts"}],"about":[{"href":"https:\/\/diarioregionaldigital.com.br\/index.php?rest_route=\/wp\/v2\/types\/post"}],"author":[{"embeddable":true,"href":"https:\/\/diarioregionaldigital.com.br\/index.php?rest_route=\/wp\/v2\/users\/246"}],"replies":[{"embeddable":true,"href":"https:\/\/diarioregionaldigital.com.br\/index.php?rest_route=%2Fwp%2Fv2%2Fcomments&post=188002"}],"version-history":[{"count":1,"href":"https:\/\/diarioregionaldigital.com.br\/index.php?rest_route=\/wp\/v2\/posts\/188002\/revisions"}],"predecessor-version":[{"id":188004,"href":"https:\/\/diarioregionaldigital.com.br\/index.php?rest_route=\/wp\/v2\/posts\/188002\/revisions\/188004"}],"wp:featuredmedia":[{"embeddable":true,"href":"https:\/\/diarioregionaldigital.com.br\/index.php?rest_route=\/wp\/v2\/media\/188003"}],"wp:attachment":[{"href":"https:\/\/diarioregionaldigital.com.br\/index.php?rest_route=%2Fwp%2Fv2%2Fmedia&parent=188002"}],"wp:term":[{"taxonomy":"category","embeddable":true,"href":"https:\/\/diarioregionaldigital.com.br\/index.php?rest_route=%2Fwp%2Fv2%2Fcategories&post=188002"},{"taxonomy":"post_tag","embeddable":true,"href":"https:\/\/diarioregionaldigital.com.br\/index.php?rest_route=%2Fwp%2Fv2%2Ftags&post=188002"}],"curies":[{"name":"wp","href":"https:\/\/api.w.org\/{rel}","templated":true}]}}