{"id":187999,"date":"2021-09-08T17:02:38","date_gmt":"2021-09-08T20:02:38","guid":{"rendered":"https:\/\/diarioregionaldigital.com.br\/?p=187999"},"modified":"2021-09-08T17:02:38","modified_gmt":"2021-09-08T20:02:38","slug":"dieese-cesta-basica-sobe-em-13-das-17-capitais-pesquisadas","status":"publish","type":"post","link":"https:\/\/diarioregionaldigital.com.br\/?p=187999","title":{"rendered":"Dieese: cesta b\u00e1sica sobe em 13 das 17 capitais pesquisadas"},"content":{"rendered":"<p>O custo m\u00e9dio da cesta b\u00e1sica\u00a0em agosto\u00a0teve alta em 13 das 17 capitais pesquisadas pelo Departamento Intersindical de Estat\u00edstica e Estudos Socioecon\u00f4micos (Dieese). O levantamento, divulgado hoje (8), mostra que os maiores aumentos foram em Campo Grande (3,48%), Belo Horizonte (2,45%) e Bras\u00edlia (2,10%).<img decoding=\"async\" src=\"https:\/\/agenciabrasil.ebc.com.br\/ebc.png?id=1421066&amp;o=node\" \/><img decoding=\"async\" src=\"https:\/\/agenciabrasil.ebc.com.br\/ebc.gif?id=1421066&amp;o=node\" \/><\/p>\n<p>As quedas nos pre\u00e7os foram registradas em Aracaju (-6,56%), Curitiba (-3,12%), Fortaleza (-1,88%) e Jo\u00e3o Pessoa (-0,28%).<\/p>\n<p>A cesta mais cara \u00e9 a de Porto Alegre que custa R$ 664,67 e teve alta de 1,18 % em agosto. A de Florian\u00f3polis \u00e9 a segunda mais cara (R$ 659),\u00a0com eleva\u00e7\u00e3o de 0,7% no m\u00eas. A de S\u00e3o Paulo ficou em R$ 650,50, com varia\u00e7\u00e3o de 1,56%.<\/p>\n<p>A cesta b\u00e1sica mais barata \u00e9 a de Aracaju, no valor de R$ 456,40, seguida pela de Salvador (R$ 485,44) e de Jo\u00e3o Pessoa (R$ 490,93).<\/p>\n<p>Em Bras\u00edlia, a cesta b\u00e1sica acumula alta de 34,13% em rela\u00e7\u00e3o a agosto de 2020 e custa, hoje, R$ 594,59. Na compara\u00e7\u00e3o com agosto do ano passado, o conjunto b\u00e1sico de alimentos teve eleva\u00e7\u00e3o nos pre\u00e7os em todas as capitais pesquisadas.<\/p>\n<p>Nos primeiros oito meses de 2021, a cesta b\u00e1sica teve aumento de 11,12% em Curitiba, o maior no per\u00edodo, com valor atual de R$ 600,47.<\/p>\n<p><strong>Produtos<\/strong><\/p>\n<p>Entre os produtos que ajudaram a puxar a\u00a0alta no custo, est\u00e1 o caf\u00e9 em p\u00f3 que subiu em todas as capitais. A eleva\u00e7\u00e3o chegou a 24,78% em Vit\u00f3ria. O a\u00e7\u00facar teve alta em 16 capitais, com aumentos que ficaram em 10,54% em Florian\u00f3polis e 9,03% em Curitiba.<\/p>\n<p>O litro do leite integral subiu em 14 capitais pesquisadas, com alta de 5,7% em Aracaju e de 2,41% em Jo\u00e3o Pessoa.<\/p>\n<p><span style=\"font-weight: 400;\">Fonte: Ag\u00eancia Brasil <\/span><\/p>\n","protected":false},"excerpt":{"rendered":"<p>O custo m\u00e9dio da cesta b\u00e1sica\u00a0em agosto\u00a0teve alta em 13 das 17 capitais pesquisadas pelo Departamento Intersindical de Estat\u00edstica e Estudos Socioecon\u00f4micos (Dieese). O levantamento, divulgado hoje (8), mostra que os maiores aumentos foram em Campo Grande (3,48%), Belo Horizonte (2,45%) e Bras\u00edlia (2,10%). As quedas nos pre\u00e7os foram registradas em Aracaju (-6,56%), Curitiba (-3,12%), [&hellip;]<\/p>\n","protected":false},"author":246,"featured_media":188000,"comment_status":"closed","ping_status":"closed","sticky":false,"template":"","format":"standard","meta":{"footnotes":""},"categories":[440,261],"tags":[],"class_list":["post-187999","post","type-post","status-publish","format-standard","has-post-thumbnail","hentry","category-destaques-do-dia","category-economia"],"_links":{"self":[{"href":"https:\/\/diarioregionaldigital.com.br\/index.php?rest_route=\/wp\/v2\/posts\/187999","targetHints":{"allow":["GET"]}}],"collection":[{"href":"https:\/\/diarioregionaldigital.com.br\/index.php?rest_route=\/wp\/v2\/posts"}],"about":[{"href":"https:\/\/diarioregionaldigital.com.br\/index.php?rest_route=\/wp\/v2\/types\/post"}],"author":[{"embeddable":true,"href":"https:\/\/diarioregionaldigital.com.br\/index.php?rest_route=\/wp\/v2\/users\/246"}],"replies":[{"embeddable":true,"href":"https:\/\/diarioregionaldigital.com.br\/index.php?rest_route=%2Fwp%2Fv2%2Fcomments&post=187999"}],"version-history":[{"count":1,"href":"https:\/\/diarioregionaldigital.com.br\/index.php?rest_route=\/wp\/v2\/posts\/187999\/revisions"}],"predecessor-version":[{"id":188001,"href":"https:\/\/diarioregionaldigital.com.br\/index.php?rest_route=\/wp\/v2\/posts\/187999\/revisions\/188001"}],"wp:featuredmedia":[{"embeddable":true,"href":"https:\/\/diarioregionaldigital.com.br\/index.php?rest_route=\/wp\/v2\/media\/188000"}],"wp:attachment":[{"href":"https:\/\/diarioregionaldigital.com.br\/index.php?rest_route=%2Fwp%2Fv2%2Fmedia&parent=187999"}],"wp:term":[{"taxonomy":"category","embeddable":true,"href":"https:\/\/diarioregionaldigital.com.br\/index.php?rest_route=%2Fwp%2Fv2%2Fcategories&post=187999"},{"taxonomy":"post_tag","embeddable":true,"href":"https:\/\/diarioregionaldigital.com.br\/index.php?rest_route=%2Fwp%2Fv2%2Ftags&post=187999"}],"curies":[{"name":"wp","href":"https:\/\/api.w.org\/{rel}","templated":true}]}}