{"id":187993,"date":"2021-09-08T13:17:52","date_gmt":"2021-09-08T16:17:52","guid":{"rendered":"https:\/\/diarioregionaldigital.com.br\/?p=187993"},"modified":"2021-09-08T13:17:52","modified_gmt":"2021-09-08T16:17:52","slug":"policia-militar-registra-estelionato-acontecido-no-bairro-jardim-santa-helena","status":"publish","type":"post","link":"https:\/\/diarioregionaldigital.com.br\/?p=187993","title":{"rendered":"Pol\u00edcia Militar registra estelionato acontecido no bairro Jardim Santa Helena"},"content":{"rendered":"<p>No dia 07set21 por volta das 10h51min, compareceu a sede da Pol\u00edcia Militar um homem de 63 anos, narrando que nesta data, por volta das 06h30min, a esposa dele, uma mulher de 62 anos, foi v\u00edtima de estelionato. Segundo relatos, a v\u00edtima recebeu uma liga\u00e7\u00e3o dando conta que a filha do casal havia sido sequestrada. Acreditando nos fatos, a v\u00edtima obedeceu as determina\u00e7\u00f5es recebidas pelo autor, deixando o valor de R$ 15.000,00 em dinheiro na esquina da Rua Silva Jardim com Oleg\u00e1rio Maciel, fazendo ainda uma transfer\u00eancia banc\u00e1ria no valor de R$ 4.900,00. As v\u00edtimas foram orientadas e o registro com as informa\u00e7\u00f5es repassadas para as investiga\u00e7\u00f5es decorrentes de pol\u00edcia judici\u00e1ria.<\/p>\n","protected":false},"excerpt":{"rendered":"<p>No dia 07set21 por volta das 10h51min, compareceu a sede da Pol\u00edcia Militar um homem de 63 anos, narrando que nesta data, por volta das 06h30min, a esposa dele, uma mulher de 62 anos, foi v\u00edtima de estelionato. Segundo relatos, a v\u00edtima recebeu uma liga\u00e7\u00e3o dando conta que a filha do casal havia sido sequestrada. [&hellip;]<\/p>\n","protected":false},"author":246,"featured_media":187994,"comment_status":"closed","ping_status":"closed","sticky":false,"template":"","format":"standard","meta":{"footnotes":""},"categories":[301],"tags":[],"class_list":["post-187993","post","type-post","status-publish","format-standard","has-post-thumbnail","hentry","category-artigos-policiais"],"_links":{"self":[{"href":"https:\/\/diarioregionaldigital.com.br\/index.php?rest_route=\/wp\/v2\/posts\/187993","targetHints":{"allow":["GET"]}}],"collection":[{"href":"https:\/\/diarioregionaldigital.com.br\/index.php?rest_route=\/wp\/v2\/posts"}],"about":[{"href":"https:\/\/diarioregionaldigital.com.br\/index.php?rest_route=\/wp\/v2\/types\/post"}],"author":[{"embeddable":true,"href":"https:\/\/diarioregionaldigital.com.br\/index.php?rest_route=\/wp\/v2\/users\/246"}],"replies":[{"embeddable":true,"href":"https:\/\/diarioregionaldigital.com.br\/index.php?rest_route=%2Fwp%2Fv2%2Fcomments&post=187993"}],"version-history":[{"count":1,"href":"https:\/\/diarioregionaldigital.com.br\/index.php?rest_route=\/wp\/v2\/posts\/187993\/revisions"}],"predecessor-version":[{"id":187995,"href":"https:\/\/diarioregionaldigital.com.br\/index.php?rest_route=\/wp\/v2\/posts\/187993\/revisions\/187995"}],"wp:featuredmedia":[{"embeddable":true,"href":"https:\/\/diarioregionaldigital.com.br\/index.php?rest_route=\/wp\/v2\/media\/187994"}],"wp:attachment":[{"href":"https:\/\/diarioregionaldigital.com.br\/index.php?rest_route=%2Fwp%2Fv2%2Fmedia&parent=187993"}],"wp:term":[{"taxonomy":"category","embeddable":true,"href":"https:\/\/diarioregionaldigital.com.br\/index.php?rest_route=%2Fwp%2Fv2%2Fcategories&post=187993"},{"taxonomy":"post_tag","embeddable":true,"href":"https:\/\/diarioregionaldigital.com.br\/index.php?rest_route=%2Fwp%2Fv2%2Ftags&post=187993"}],"curies":[{"name":"wp","href":"https:\/\/api.w.org\/{rel}","templated":true}]}}