{"id":187986,"date":"2021-09-06T16:45:44","date_gmt":"2021-09-06T19:45:44","guid":{"rendered":"https:\/\/diarioregionaldigital.com.br\/?p=187986"},"modified":"2021-09-06T16:45:44","modified_gmt":"2021-09-06T19:45:44","slug":"seapa-abre-inscricoes-para-feirinha-da-pjf","status":"publish","type":"post","link":"https:\/\/diarioregionaldigital.com.br\/?p=187986","title":{"rendered":"Seapa abre inscri\u00e7\u00f5es para \u201cFeirinha da PJF\u201d"},"content":{"rendered":"<p>Est\u00e3o abertas as inscri\u00e7\u00f5es para que agricultores e produtores de Juiz de Fora e regi\u00e3o participem da\u00a0<a href=\"https:\/\/www.pjf.mg.gov.br\/secretarias\/seapa\/feirinha-da-pjf\/\"><b>Feirinha da PJF\u00a0<\/b><\/a>. A iniciativa da Secretaria de Agricultura, Pecu\u00e1ria e Abastecimento (Seapa) visa a fomentar a agricultura familiar atrav\u00e9s da organiza\u00e7\u00e3o da feira no p\u00e1tio do pr\u00e9dio-sede da Prefeitura de Juiz de Fora (PJF), sendo tamb\u00e9m uma das maneiras de divulga\u00e7\u00e3o dos produtos, al\u00e9m de facilitar o acesso dos servidores p\u00fablicos aos produtos org\u00e2nicos, agroecol\u00f3gicos, artesanais e consequentemente, alimentos mais saud\u00e1veis e de qualidade.<\/p>\n<p>Segundo informa\u00e7\u00f5es do site da Prefeitura de Juiz de Fora, est\u00e3o sendo ofertadas dez vagas, destinadas aos agricultores, produtores e artes\u00e3os. Os grupos de produtos que v\u00e3o ser expostos foram definidos a partir de uma pesquisa realizada com os servidores no m\u00eas de agosto, na qual eles puderam opinar em rela\u00e7\u00e3o aos <a href=\"https:\/\/www.pjf.mg.gov.br\/noticias\/view.php?modo=link2&amp;idnoticia2=71915\"><b>produtos comercializados, dia e hor\u00e1rio de funcionamento da feira<\/b><\/a>. Ser\u00e1 realizado um rod\u00edzio mensal, se houver mais interessados no mesmo grupo de produtos.<\/p>\n<p>Ainda de acordo com a pesquisa de opini\u00e3o com os servidores, a feira ser\u00e1 realizada \u00e0s sextas-feiras, das 8h \u00e0s 14h30. A expectativa \u00e9 de que a feira seja inaugurada em setembro, mas depende da situa\u00e7\u00e3o epidemiol\u00f3gica do munic\u00edpio. A sede da PJF fica localizada na Avenida Brasil, 2001, Centro.<\/p>\n<p>Todos os detalhes da inscri\u00e7\u00e3o est\u00e3o dispon\u00edveis no site da PJF pelo\u00a0<a href=\"https:\/\/www.pjf.mg.gov.br\/secretarias\/seapa\/feirinha-da-pjf\/\"><b>link<\/b><\/a>.<\/p>\n<p><b>Outras informa\u00e7\u00f5es:<\/b><br \/>\nWhatsApp: (32) 2104-8619<br \/>\nE-mail: comunicacaoseapa@pjf.mg.gov.br<\/p>\n","protected":false},"excerpt":{"rendered":"<p>Est\u00e3o abertas as inscri\u00e7\u00f5es para que agricultores e produtores de Juiz de Fora e regi\u00e3o participem da\u00a0Feirinha da PJF\u00a0. A iniciativa da Secretaria de Agricultura, Pecu\u00e1ria e Abastecimento (Seapa) visa a fomentar a agricultura familiar atrav\u00e9s da organiza\u00e7\u00e3o da feira no p\u00e1tio do pr\u00e9dio-sede da Prefeitura de Juiz de Fora (PJF), sendo tamb\u00e9m uma das [&hellip;]<\/p>\n","protected":false},"author":246,"featured_media":187987,"comment_status":"closed","ping_status":"closed","sticky":false,"template":"","format":"standard","meta":{"footnotes":""},"categories":[253,436],"tags":[],"class_list":["post-187986","post","type-post","status-publish","format-standard","has-post-thumbnail","hentry","category-cidade","category-destaque-da-semana"],"_links":{"self":[{"href":"https:\/\/diarioregionaldigital.com.br\/index.php?rest_route=\/wp\/v2\/posts\/187986","targetHints":{"allow":["GET"]}}],"collection":[{"href":"https:\/\/diarioregionaldigital.com.br\/index.php?rest_route=\/wp\/v2\/posts"}],"about":[{"href":"https:\/\/diarioregionaldigital.com.br\/index.php?rest_route=\/wp\/v2\/types\/post"}],"author":[{"embeddable":true,"href":"https:\/\/diarioregionaldigital.com.br\/index.php?rest_route=\/wp\/v2\/users\/246"}],"replies":[{"embeddable":true,"href":"https:\/\/diarioregionaldigital.com.br\/index.php?rest_route=%2Fwp%2Fv2%2Fcomments&post=187986"}],"version-history":[{"count":1,"href":"https:\/\/diarioregionaldigital.com.br\/index.php?rest_route=\/wp\/v2\/posts\/187986\/revisions"}],"predecessor-version":[{"id":187988,"href":"https:\/\/diarioregionaldigital.com.br\/index.php?rest_route=\/wp\/v2\/posts\/187986\/revisions\/187988"}],"wp:featuredmedia":[{"embeddable":true,"href":"https:\/\/diarioregionaldigital.com.br\/index.php?rest_route=\/wp\/v2\/media\/187987"}],"wp:attachment":[{"href":"https:\/\/diarioregionaldigital.com.br\/index.php?rest_route=%2Fwp%2Fv2%2Fmedia&parent=187986"}],"wp:term":[{"taxonomy":"category","embeddable":true,"href":"https:\/\/diarioregionaldigital.com.br\/index.php?rest_route=%2Fwp%2Fv2%2Fcategories&post=187986"},{"taxonomy":"post_tag","embeddable":true,"href":"https:\/\/diarioregionaldigital.com.br\/index.php?rest_route=%2Fwp%2Fv2%2Ftags&post=187986"}],"curies":[{"name":"wp","href":"https:\/\/api.w.org\/{rel}","templated":true}]}}