{"id":187983,"date":"2021-09-06T16:44:15","date_gmt":"2021-09-06T19:44:15","guid":{"rendered":"https:\/\/diarioregionaldigital.com.br\/?p=187983"},"modified":"2021-09-06T16:44:15","modified_gmt":"2021-09-06T19:44:15","slug":"vacinacao-contra-covid-19-e-retomada-na-quarta-feira-dia-8","status":"publish","type":"post","link":"https:\/\/diarioregionaldigital.com.br\/?p=187983","title":{"rendered":"Vacina\u00e7\u00e3o contra Covid-19 \u00e9 retomada na quarta-feira, dia 8"},"content":{"rendered":"<p>Ap\u00f3s oferecer a possibilidade do adiantamento das primeiras doses de Pfizer e Coronavac para as pessoas que os primeiros dias do m\u00eas at\u00e9 o feriado de 7 de setembro como data de retorno, a Secretaria de Sa\u00fade (SS) da Prefeitura de Juiz de Fora (PJF) retoma a vacina\u00e7\u00e3o nesta quarta-feira, 8.<\/p>\n<p>Segundo informa\u00e7\u00f5es do site da Prefeitura de Juiz de Fora, neste dia, ser\u00e3o aplicadas as segundas doses de Coronavac e Pfizer para as pessoas com data de retorno no cart\u00e3o de vacina para o dia 8 de setembro ou data anterior, no Sport e Sesc, das 8h \u00e0s 16h, em nas 10 UBSs, das 8h \u00e0s 11h e das 13h \u00e0s 16h.<\/p>\n<p><b>Confira o calend\u00e1rio desta quarta-feira, dia 8:<\/b><\/p>\n<p><b>Segundas doses de Coronavac e de Pfizer<\/b><br \/>\nSport Club JF e Sesc, das 8h \u00e0s 16h, e em 10 UBSs, das 8h \u00e0s 11h e das 13h \u00e0s 16h.<\/p>\n<p><b>Endere\u00e7os dos locais de vacina\u00e7\u00e3o<\/b><\/p>\n<p><b>Sesc Juiz de Fora<\/b><br \/>\nRua Oswaldo Aranha, 109<\/p>\n<p><b>Sport Club Juiz de Fora<\/b><br \/>\nAvenida Bar\u00e3o do Rio Branco, 1.303, no Centro<\/p>\n<p><b>As UBSs que vacinam contra a Covid<\/b><br \/>\nUBS Bairro Nossa Senhora de Lourdes, Rua In\u00e1cio Gama, 813;<br \/>\nUBS Benfica, Rua Guararapes, 106;<br \/>\nUBS Nossa Senhora Aparecida, Rua Nossa Senhora Aparecida, 775;<br \/>\nUBS Santa Luzia, Rua Torre\u00f5es, s\/n\u00ba<br \/>\nUBS S\u00e3o Pedro, Rua Jo\u00e3o Louren\u00e7o Kelmer, 1.433;<br \/>\nUBS Vila Ideal, Avenida Francisco Valadares, 1.910<br \/>\nUBS Milho Branco, Rua Nicolau Schuery, s\/n\u00ba<br \/>\nUBS Progresso, Rua Jorge Knopp, n\u00ba 119<br \/>\nUBS Santa Cec\u00edlia, Rua Gabriel Rodrigues, n\u00ba 900<br \/>\nUBS Bandeirantes, Rua Laurindo Nocelli, n\u00ba 100<\/p>\n","protected":false},"excerpt":{"rendered":"<p>Ap\u00f3s oferecer a possibilidade do adiantamento das primeiras doses de Pfizer e Coronavac para as pessoas que os primeiros dias do m\u00eas at\u00e9 o feriado de 7 de setembro como data de retorno, a Secretaria de Sa\u00fade (SS) da Prefeitura de Juiz de Fora (PJF) retoma a vacina\u00e7\u00e3o nesta quarta-feira, 8. Segundo informa\u00e7\u00f5es do site [&hellip;]<\/p>\n","protected":false},"author":246,"featured_media":187984,"comment_status":"closed","ping_status":"closed","sticky":false,"template":"","format":"standard","meta":{"footnotes":""},"categories":[253,436],"tags":[],"class_list":["post-187983","post","type-post","status-publish","format-standard","has-post-thumbnail","hentry","category-cidade","category-destaque-da-semana"],"_links":{"self":[{"href":"https:\/\/diarioregionaldigital.com.br\/index.php?rest_route=\/wp\/v2\/posts\/187983","targetHints":{"allow":["GET"]}}],"collection":[{"href":"https:\/\/diarioregionaldigital.com.br\/index.php?rest_route=\/wp\/v2\/posts"}],"about":[{"href":"https:\/\/diarioregionaldigital.com.br\/index.php?rest_route=\/wp\/v2\/types\/post"}],"author":[{"embeddable":true,"href":"https:\/\/diarioregionaldigital.com.br\/index.php?rest_route=\/wp\/v2\/users\/246"}],"replies":[{"embeddable":true,"href":"https:\/\/diarioregionaldigital.com.br\/index.php?rest_route=%2Fwp%2Fv2%2Fcomments&post=187983"}],"version-history":[{"count":1,"href":"https:\/\/diarioregionaldigital.com.br\/index.php?rest_route=\/wp\/v2\/posts\/187983\/revisions"}],"predecessor-version":[{"id":187985,"href":"https:\/\/diarioregionaldigital.com.br\/index.php?rest_route=\/wp\/v2\/posts\/187983\/revisions\/187985"}],"wp:featuredmedia":[{"embeddable":true,"href":"https:\/\/diarioregionaldigital.com.br\/index.php?rest_route=\/wp\/v2\/media\/187984"}],"wp:attachment":[{"href":"https:\/\/diarioregionaldigital.com.br\/index.php?rest_route=%2Fwp%2Fv2%2Fmedia&parent=187983"}],"wp:term":[{"taxonomy":"category","embeddable":true,"href":"https:\/\/diarioregionaldigital.com.br\/index.php?rest_route=%2Fwp%2Fv2%2Fcategories&post=187983"},{"taxonomy":"post_tag","embeddable":true,"href":"https:\/\/diarioregionaldigital.com.br\/index.php?rest_route=%2Fwp%2Fv2%2Ftags&post=187983"}],"curies":[{"name":"wp","href":"https:\/\/api.w.org\/{rel}","templated":true}]}}