{"id":187977,"date":"2021-09-06T16:37:44","date_gmt":"2021-09-06T19:37:44","guid":{"rendered":"https:\/\/diarioregionaldigital.com.br\/?p=187977"},"modified":"2021-09-06T16:37:44","modified_gmt":"2021-09-06T19:37:44","slug":"municipio-vai-para-a-faixa-amarela-do-programa-juiz-de-fora-pela-vida","status":"publish","type":"post","link":"https:\/\/diarioregionaldigital.com.br\/?p=187977","title":{"rendered":"Munic\u00edpio vai para a Faixa Amarela do programa \u201cJuiz de Fora pela Vida\u201d"},"content":{"rendered":"<p>Com a publica\u00e7\u00e3o da Nota Informativa 31, da Secretaria de Sa\u00fade, Juiz de Fora est\u00e1, a partir desta segunda-feira, 6, na Faixa Amarela do programa municipal de enfrentamento \u00e0 Covid-19, \u201cJuiz de Fora pela Vida\u201d. Baseada em um conjunto de indicadores propostos pelo Guia Orientador publicado pelo Conselho Nacional de Secretarias Municipais de Sa\u00fade (Conasems), em parceria com o Conselho Nacional de Secret\u00e1rios de Sa\u00fade (Conass), a publica\u00e7\u00e3o classifica o munic\u00edpio em \u201crisco baixo\u201d, com 5 pontos.<\/p>\n<p>Segundo informa\u00e7\u00f5es do site da Prefeitura de Juiz de Fora, o secret\u00e1rio de Desenvolvimento Sustent\u00e1vel e Inclusivo, da Inova\u00e7\u00e3o e Competitividade (Sedic), Ignacio Delgado, coordenador do \u201cJuiz de Fora pela Vida\u201d, destaca que o \u00eaxito da vacina\u00e7\u00e3o e da expans\u00e3o dos leitos t\u00eam contribu\u00eddo para os resultados positivos. Em rela\u00e7\u00e3o \u00e0 semana anterior, houve melhora no indicador \u201cPrevis\u00e3o de esgotamento de leitos de UTI\u201d (de 34 dias, na semana anterior, para 36 dias, na presente semana). J\u00e1 a \u201cVaria\u00e7\u00e3o do n\u00famero de \u00f3bitos por Covid\u201d foi de 100% para -25%, respectivamente, impactando o resultado.<\/p>\n<p>A \u201cTaxa de ocupa\u00e7\u00e3o de leitos UTI adulto\u201d permaneceu 63% nas duas semanas. J\u00e1 a \u201cTaxa de ocupa\u00e7\u00e3o de leitos cl\u00ednicos\u201d teve ligeiro aumento, de 63% para 65%. A \u201cVaria\u00e7\u00e3o do n\u00famero de casos confirmados de Covid-19\u201d, que foi de 43% na semana anterior, foi de 2% nesta semana; e a \u201cTaxa de positividade para Covid19\u201d, de 23 para 28%: \u201cUm motivo de preocupa\u00e7\u00e3o, que, neste momento, n\u00e3o afetou o resultado geral.\u201d, alerta Ignacio. \u201cH\u00e1 sinais de expans\u00e3o, conquanto, moderada da contamina\u00e7\u00e3o. \u00c9 importante que a popula\u00e7\u00e3o continue alerta, seguindo os protocolos de biosseguran\u00e7a, para evitar retrocessos. A Secretaria da Sa\u00fade e o Programa Juiz de Fora pela Vida seguem monitorando a incid\u00eancia da Variante Delta na cidade.\u201d<\/p>\n<p><b>Confira o funcionamento de atividades em Faixa Amarela:<\/b><\/p>\n<p>Academias de gin\u00e1stica<br \/>\nFuncionamento permanece de Segunda a Domingo e feriados &#8211; Entre 6 e 22 horas. Est\u00e3o permitidas as atividades coletivas.<\/p>\n<p>Atividades de recrea\u00e7\u00e3o e Lazer \u2013 explora\u00e7\u00e3o de jogos eletr\u00f4nicos, sinuca e similares<br \/>\nPermitidas, conforme hor\u00e1rio de bares, restaurantes e shoppings. Os usu\u00e1rios devem seguir regras de distanciamento, fazer uso da m\u00e1scara, \u00e1lcool em gel e higieniza\u00e7\u00e3o ap\u00f3s cada utiliza\u00e7\u00e3o.<\/p>\n<p>Bares, restaurantes, pra\u00e7as de alimenta\u00e7\u00e3o em geral<br \/>\nFuncionamento de domingo a ter\u00e7a-feira e feriados, entre 8h e 22h. Quarta a s\u00e1bado, entre 8h e 24h. Nos hor\u00e1rios estabelecidos para fechamento, o estabelecimento dever\u00e1 estar fechado e sem clientes. \u00c9 permitida a venda de bebidas alco\u00f3licas; permitido o self-service. M\u00fasica ao vivo est\u00e1 liberada, de acordo com legisla\u00e7\u00e3o pr\u00f3pria, sem pista de dan\u00e7a e sem pessoas em p\u00e9.<\/p>\n<p>Lanchonetes e casas de ch\u00e1\/sucos\/similares<br \/>\nFuncionamento de domingo a ter\u00e7a-feira e feriados, entre 8h e 22h. Quarta a s\u00e1bado, entre 8h e 24h. Nos hor\u00e1rios estabelecidos para fechamento, o estabelecimento dever\u00e1 estar fechado e sem clientes.<\/p>\n<p>Lojas de Conveni\u00eancia<br \/>\nFuncionamento de domingo a ter\u00e7a-feira e feriados, entre 8h e 22h. Quarta a s\u00e1bado, entre 8h e 24h. Nos hor\u00e1rios estabelecidos para fechamento, o estabelecimento dever\u00e1 estar fechado e sem clientes. \u00c9 proibido o consumo no local.<\/p>\n<p>Clubes<br \/>\nAs \u00e1reas ao ar livre podem ser abertas com controle de fluxo. Atividades coletivas est\u00e3o permitidas. Restaurantes e lanchonetes podem funcionar nas mesmas condi\u00e7\u00f5es e dias de tais setores.<\/p>\n<p>Com\u00e9rcio atacadista<br \/>\nFuncionamento de segunda a s\u00e1bado, entre 6h e 24h.<\/p>\n<p>Com\u00e9rcio de produtos veterin\u00e1rios e agropecu\u00e1rios, com ou sem estacionamento pr\u00f3prio<br \/>\nFuncionamento de segunda a s\u00e1bado, entre 6h e 24h.<\/p>\n<p>Constru\u00e7\u00e3o Civil \u2013 Cadeia (industrial e comercial)<br \/>\nFuncionamento de segunda a s\u00e1bado, entre 7h e 18h.<\/p>\n<p>Cursos livres<br \/>\nHor\u00e1rio livre. Aulas presenciais, com distanciamento m\u00ednimo de 2 metros entre cada aluno, respeitando o limite de nove alunos por aula.<\/p>\n<p>Escolas de Esportes<br \/>\nFuncionamento de segunda a domingo, de 6h \u00e0s 22h. Permitida pr\u00e1tica esportiva com confronta\u00e7\u00e3o direta.<\/p>\n<p>Hot\u00e9is e Hospedagens<br \/>\nHor\u00e1rio livre, de acordo com protocolo pr\u00f3prio, com 80% de capacidade. \u00c9 autorizada a perman\u00eancia em \u00e1reas comuns externas. Refei\u00e7\u00f5es seguindo protocolos de restaurantes, em ambientes com ventila\u00e7\u00e3o natural. Servi\u00e7o de quarto apenas ap\u00f3s a sa\u00edda do h\u00f3spede. N\u00e3o havendo ventila\u00e7\u00e3o natural, o servi\u00e7o de caf\u00e9 da manh\u00e3 dever\u00e1 ser realizado no quarto.<\/p>\n<p>Reuni\u00f5es comerciais<br \/>\nEst\u00e3o permitidos encontros cient\u00edficos, corporativos e outros de natureza comercial, interditadas pistas de dan\u00e7a e shows. A capacidade m\u00e1xima \u00e9 de 160 pessoas, mais 20% de staff. Limita\u00e7\u00e3o de uma pessoa por 4m\u00b2 ou 60% da capacidade do espa\u00e7o.<br \/>\nObrigat\u00f3rio termo de compromisso do organizador e termo de ci\u00eancia e compromisso do participante. Os encontros devem ser autorizados pela Secretaria de Sustentabilidade em Meio Ambiente e Atividades Urbanas (Sesmaur) e monitorados por comiss\u00e3o da Secretaria de Turismo (Setur) e entidade promotora. Devem, ainda, seguir regras e recomenda\u00e7\u00f5es em nota t\u00e9cnica espec\u00edfica.<\/p>\n<p>Shopping Centers \/ Lojas<br \/>\nFuncionamento de segunda a domingo e feriados, entre 10h e 24h. O estacionamento \u00e9 limitado \u00e0 propor\u00e7\u00e3o de 70% de sua capacidade, com distanciamento entre as vagas dispon\u00edveis. Permitido aluguel de brinquedos individuais nos corredores.<\/p>\n<p><b>Restri\u00e7\u00f5es<\/b><\/p>\n<p>\u00c9 proibido o consumo de bebidas alco\u00f3licas em locais p\u00fablicos e privados abertos e de circula\u00e7\u00e3o p\u00fablica.<br \/>\nOs estabelecimentos comerciais autorizados a funcionar 24 horas, n\u00e3o podem vender bebidas alco\u00f3licas:<br \/>\nDe domingo a ter\u00e7a-feira e feriados, entre 22h e 8h; Quarta-feira a s\u00e1bado \u2013 Entre 24h e 8 horas, exceto por sistema de entrega em domic\u00edlio.<\/p>\n<p>Acompanhe a publica\u00e7\u00e3o de Notas T\u00e9cnicas, faixas de classifica\u00e7\u00e3o e os protocolos de biosseguran\u00e7a do programa \u201cJuiz de Fora pela Vida\u201d no site: covid19.pjf.mg.gov.br.<\/p>\n","protected":false},"excerpt":{"rendered":"<p>Com a publica\u00e7\u00e3o da Nota Informativa 31, da Secretaria de Sa\u00fade, Juiz de Fora est\u00e1, a partir desta segunda-feira, 6, na Faixa Amarela do programa municipal de enfrentamento \u00e0 Covid-19, \u201cJuiz de Fora pela Vida\u201d. Baseada em um conjunto de indicadores propostos pelo Guia Orientador publicado pelo Conselho Nacional de Secretarias Municipais de Sa\u00fade (Conasems), [&hellip;]<\/p>\n","protected":false},"author":246,"featured_media":187978,"comment_status":"closed","ping_status":"closed","sticky":false,"template":"","format":"standard","meta":{"footnotes":""},"categories":[253,440],"tags":[],"class_list":["post-187977","post","type-post","status-publish","format-standard","has-post-thumbnail","hentry","category-cidade","category-destaques-do-dia"],"_links":{"self":[{"href":"https:\/\/diarioregionaldigital.com.br\/index.php?rest_route=\/wp\/v2\/posts\/187977","targetHints":{"allow":["GET"]}}],"collection":[{"href":"https:\/\/diarioregionaldigital.com.br\/index.php?rest_route=\/wp\/v2\/posts"}],"about":[{"href":"https:\/\/diarioregionaldigital.com.br\/index.php?rest_route=\/wp\/v2\/types\/post"}],"author":[{"embeddable":true,"href":"https:\/\/diarioregionaldigital.com.br\/index.php?rest_route=\/wp\/v2\/users\/246"}],"replies":[{"embeddable":true,"href":"https:\/\/diarioregionaldigital.com.br\/index.php?rest_route=%2Fwp%2Fv2%2Fcomments&post=187977"}],"version-history":[{"count":1,"href":"https:\/\/diarioregionaldigital.com.br\/index.php?rest_route=\/wp\/v2\/posts\/187977\/revisions"}],"predecessor-version":[{"id":187979,"href":"https:\/\/diarioregionaldigital.com.br\/index.php?rest_route=\/wp\/v2\/posts\/187977\/revisions\/187979"}],"wp:featuredmedia":[{"embeddable":true,"href":"https:\/\/diarioregionaldigital.com.br\/index.php?rest_route=\/wp\/v2\/media\/187978"}],"wp:attachment":[{"href":"https:\/\/diarioregionaldigital.com.br\/index.php?rest_route=%2Fwp%2Fv2%2Fmedia&parent=187977"}],"wp:term":[{"taxonomy":"category","embeddable":true,"href":"https:\/\/diarioregionaldigital.com.br\/index.php?rest_route=%2Fwp%2Fv2%2Fcategories&post=187977"},{"taxonomy":"post_tag","embeddable":true,"href":"https:\/\/diarioregionaldigital.com.br\/index.php?rest_route=%2Fwp%2Fv2%2Ftags&post=187977"}],"curies":[{"name":"wp","href":"https:\/\/api.w.org\/{rel}","templated":true}]}}