{"id":187974,"date":"2021-09-06T16:33:31","date_gmt":"2021-09-06T19:33:31","guid":{"rendered":"https:\/\/diarioregionaldigital.com.br\/?p=187974"},"modified":"2021-09-06T16:33:31","modified_gmt":"2021-09-06T19:33:31","slug":"toquio-2020-encerramento-ressalta-beleza-da-diversidade","status":"publish","type":"post","link":"https:\/\/diarioregionaldigital.com.br\/?p=187974","title":{"rendered":"T\u00f3quio 2020: encerramento ressalta beleza da diversidade"},"content":{"rendered":"<p>Os Jogos Paral\u00edmpicos de T\u00f3quio se encerraram e,\u00a0com eles, mais um ciclo de grandes exemplos de supera\u00e7\u00e3o e humanismo se completa. O mundo teve, no evento encerrado h\u00e1 pouco no Est\u00e1dio Ol\u00edmpico de T\u00f3quio, mais uma amostra da riqueza que a diversidade proporciona.<img decoding=\"async\" src=\"https:\/\/agenciabrasil.ebc.com.br\/ebc.png?id=1420714&amp;o=node\" \/><img decoding=\"async\" src=\"https:\/\/agenciabrasil.ebc.com.br\/ebc.gif?id=1420714&amp;o=node\" \/><\/p>\n<p>Supera\u00e7\u00e3o que, do ponto de vista brasileiro, foi confirmada nas 72 medalhas conquistadas (22 ouros; 20 pratas; e 30 bronzes), dando ao pa\u00eds a s\u00e9tima coloca\u00e7\u00e3o no quadro geral. Tr\u00eas dessas medalhas foram parar no peito do nadador Daniel Dias, a quem coube a honrosa tarefa de carregar a bandeira brasileira durante o evento de encerramento dos jogos.<\/p>\n<p>Com os tr\u00eas bronzes conquistados, Daniel entra para a hist\u00f3ria como o maior medalhista paral\u00edmpico brasileiro, ap\u00f3s 27 p\u00f3dios. Ap\u00f3s empunhar a bandeira, o nadador n\u00e3o p\u00f4de se juntar \u00e0 delega\u00e7\u00e3o brasileira que, a exemplo das demais delega\u00e7\u00f5es, j\u00e1 se encontrava no est\u00e1dio. Ele teve de se dirigir aos bastidores para se preparar para a posse no novo comit\u00ea paral\u00edmpico, do qual \u00e9 integrante.<\/p>\n<p>O Brasil foi o 117\u00ba\u00a0pa\u00eds a\u00a0ter\u00a0sua bandeira desfilada, em uma cerim\u00f4nia que contou com a participa\u00e7\u00e3o de 160 pa\u00edses, al\u00e9m das representa\u00e7\u00f5es dos refugiados e do Comit\u00ea Ol\u00edmpico Russo.<\/p>\n<p><strong>Hospitalidade, aceita\u00e7\u00e3o e celebra\u00e7\u00e3o<\/strong><\/p>\n<p>\u201cH\u00e1 oito anos prometemos hospitalidade. Estou confiante de que cada atleta sentiu esse esp\u00edrito aqui\u201d, discursou a presidenta do Comit\u00ea Organizador dos Jogos Paral\u00edmpicos de T\u00f3quio, Seiko Hashimoto ao ressaltar que os paratletas \u201cinspiraram muitos de n\u00f3s a come\u00e7ar nossas pr\u00f3prias jornadas&#8221; em busca de &#8220;um futuro mais inclusivo\u201d.<\/p>\n<p>Presidente do Comit\u00ea Paral\u00edmpico Internacional, o brasileiro Andrews Parsons disse que os jogos n\u00e3o foram apenas hist\u00f3ricos. \u201cAtletas fant\u00e1sticos abriram nossos cora\u00e7\u00f5es e mentes, e mudaram vidas\u201d, disse ele pouco antes de citar uma \u201cfilosofia japonesa\u201d que defende n\u00e3o apenas a aceita\u00e7\u00e3o, mas \u201ca celebra\u00e7\u00e3o de todas as imperfei\u00e7\u00f5es que todos temos\u201d.<\/p>\n<p>\u201cHoje\u00a0o que fazemos n\u00e3o \u00e9 uma cerim\u00f4nia de encerramento, mas a abertura de um futuro olhar para 1,2 bilh\u00e3o de pessoas com defici\u00eancia, que querem ser cidad\u00e3os ativos em um mundo inclusivo\u201d, completou ao declarar o encerramento dos jogos.<\/p>\n<p>Em seguida, foi apresentado um v\u00eddeo com autoridades internacionais e personalidades selecionadas pelas Na\u00e7\u00f5es Unidas, ligadas ao movimento #wethe15, em uma un\u00edssona mensagem em favor da inclus\u00e3o.<\/p>\n<p><strong>Apresenta\u00e7\u00f5es<\/strong><\/p>\n<p>M\u00fasicos e dan\u00e7arinos \u2013 com e sem defici\u00eancia \u2013 proporcionaram sons e imagens contendo elementos de diversidade, em uma celebra\u00e7\u00e3o ao brilho de cada ser humano. Tudo resultou na constru\u00e7\u00e3o da \u201ccidade em que as diferen\u00e7as brilham\u201d, termo referente \u00e0 capital japonesa.<\/p>\n<p>Em destaque, a torre\u00a0Sky Tree, onde cada atleta colou um espelho, de forma a compor o cen\u00e1rio que, aos poucos, ia sendo constru\u00eddo. O peso da torre, no entanto, acabou causando um contratempo na hora de ergu\u00ea-la. Felizmente todos ali est\u00e3o habituados a superar dificuldades, e o elemento cenogr\u00e1fico foi erguido e colocado no devido lugar ap\u00f3s uma\u00a0segunda\u00a0tentativa.<\/p>\n<p>Ao longo da apresenta\u00e7\u00e3o, v\u00e1rios elementos urbanos e da natureza se misturavam, lembrando a associa\u00e7\u00e3o entre divindades e natureza, caracter\u00edsticos da cultura japonesa. Com vestimentas bastante coloridas, os dan\u00e7arinos faziam refer\u00eancias a trajes tradicionais japoneses e aos chamados cosplayers \u2013 pessoas que se fantasiam de personagens fict\u00edcios da cultura pop japonesa.<\/p>\n<p>Alguns m\u00fasicos portadores de defici\u00eancia que participaram dos primeiros momentos da cerim\u00f4nia retornaram mostrando que a m\u00fasica \u00e9 tamb\u00e9m espa\u00e7o para supera\u00e7\u00e3o. Solos de guitarra \u00e0 base de legatos (t\u00e9cnica da qual se tira som apenas com a press\u00e3o dos dedos da m\u00e3o esquerda na escala da guitarra) eram tocados por um guitarrista que n\u00e3o tinha um dos bra\u00e7os.<\/p>\n<p>Tecladistas na mesma situa\u00e7\u00e3o enriqueceram ainda mais a harmonia das notas musicais, que eram complementadas pelas percuss\u00f5es que vinham de bateristas e de cadeiras de rodas adaptadas para servirem de instrumentos musicais.<\/p>\n<p><strong>Paris \u00e9 logo ali<\/strong><\/p>\n<p>Vieram ent\u00e3o a queima de fogos e o an\u00fancio de Paris como sede dos pr\u00f3ximos Jogos Paral\u00edmpicos, a serem realizados em 2024. V\u00eddeos de artistas e personalidades parisienses foram apresentados, em sinal de boas vindas \u00e0queles que participar\u00e3o dos jogos.<\/p>\n<p>Ao final, a pira ol\u00edmpica foi, aos poucos, se apagando, em meio a uma vers\u00e3o da m\u00fasica What a Wonderfull World, de Louis Armstrong. Apaga-se a chama, mas mant\u00eam-se a eterna mensagem de supera\u00e7\u00e3o, humanismo e diversidade t\u00e3o bem proporcionada pelos jogos paral\u00edmpicos. Agora \u00e9 esperar. Paris \u00e9 logo ali.<\/p>\n<p><span style=\"font-weight: 400;\">Fonte: Ag\u00eancia Brasil <\/span><\/p>\n","protected":false},"excerpt":{"rendered":"<p>Os Jogos Paral\u00edmpicos de T\u00f3quio se encerraram e,\u00a0com eles, mais um ciclo de grandes exemplos de supera\u00e7\u00e3o e humanismo se completa. O mundo teve, no evento encerrado h\u00e1 pouco no Est\u00e1dio Ol\u00edmpico de T\u00f3quio, mais uma amostra da riqueza que a diversidade proporciona. Supera\u00e7\u00e3o que, do ponto de vista brasileiro, foi confirmada nas 72 medalhas [&hellip;]<\/p>\n","protected":false},"author":246,"featured_media":187975,"comment_status":"closed","ping_status":"closed","sticky":false,"template":"","format":"standard","meta":{"footnotes":""},"categories":[436,257],"tags":[],"class_list":["post-187974","post","type-post","status-publish","format-standard","has-post-thumbnail","hentry","category-destaque-da-semana","category-esporte"],"_links":{"self":[{"href":"https:\/\/diarioregionaldigital.com.br\/index.php?rest_route=\/wp\/v2\/posts\/187974","targetHints":{"allow":["GET"]}}],"collection":[{"href":"https:\/\/diarioregionaldigital.com.br\/index.php?rest_route=\/wp\/v2\/posts"}],"about":[{"href":"https:\/\/diarioregionaldigital.com.br\/index.php?rest_route=\/wp\/v2\/types\/post"}],"author":[{"embeddable":true,"href":"https:\/\/diarioregionaldigital.com.br\/index.php?rest_route=\/wp\/v2\/users\/246"}],"replies":[{"embeddable":true,"href":"https:\/\/diarioregionaldigital.com.br\/index.php?rest_route=%2Fwp%2Fv2%2Fcomments&post=187974"}],"version-history":[{"count":1,"href":"https:\/\/diarioregionaldigital.com.br\/index.php?rest_route=\/wp\/v2\/posts\/187974\/revisions"}],"predecessor-version":[{"id":187976,"href":"https:\/\/diarioregionaldigital.com.br\/index.php?rest_route=\/wp\/v2\/posts\/187974\/revisions\/187976"}],"wp:featuredmedia":[{"embeddable":true,"href":"https:\/\/diarioregionaldigital.com.br\/index.php?rest_route=\/wp\/v2\/media\/187975"}],"wp:attachment":[{"href":"https:\/\/diarioregionaldigital.com.br\/index.php?rest_route=%2Fwp%2Fv2%2Fmedia&parent=187974"}],"wp:term":[{"taxonomy":"category","embeddable":true,"href":"https:\/\/diarioregionaldigital.com.br\/index.php?rest_route=%2Fwp%2Fv2%2Fcategories&post=187974"},{"taxonomy":"post_tag","embeddable":true,"href":"https:\/\/diarioregionaldigital.com.br\/index.php?rest_route=%2Fwp%2Fv2%2Ftags&post=187974"}],"curies":[{"name":"wp","href":"https:\/\/api.w.org\/{rel}","templated":true}]}}