{"id":187971,"date":"2021-09-06T16:31:32","date_gmt":"2021-09-06T19:31:32","guid":{"rendered":"https:\/\/diarioregionaldigital.com.br\/?p=187971"},"modified":"2021-09-06T16:31:32","modified_gmt":"2021-09-06T19:31:32","slug":"verstappen-festeja-vitoria-em-casa-no-gp-da-holanda-de-formula-1","status":"publish","type":"post","link":"https:\/\/diarioregionaldigital.com.br\/?p=187971","title":{"rendered":"Verstappen festeja vit\u00f3ria em casa no GP da Holanda de F\u00f3rmula 1"},"content":{"rendered":"<p>O piloto holand\u00eas Max Verstappen venceu neste domingo (5) o Grande Pr\u00eamio da Holanda e tomou a lideran\u00e7a do Campeonato de Pilotos da F\u00f3rmula 1 diante de um ex\u00e9rcito de torcedores que celebraram o triunfo do her\u00f3i nacional com bandeiras na arquibancada.<\/p>\n<p>O piloto da RBR, de 23 anos, dominou a prova desde a largada, o primeiro GP na Holanda em 36 anos, e terminou a corrida com pouco mais de 20 segundos de vantagem sobre o heptacampe\u00e3o mundial da Mercedes, Lewis Hamilton.<\/p>\n<p>Valtteri Bottas, companheiro de equipe finland\u00eas de Hamilton, fechou o p\u00f3dio e chegou ao terceiro lugar na tabela do campeonato.<\/p>\n<p>Hamilton ganhou um ponto de bonifica\u00e7\u00e3o pela volta mais r\u00e1pida da prova, mas Verstappen agora lidera o campeonato com 224,5 pontos contra 221,5 de Hamilton.<\/p>\n<p>A vit\u00f3ria foi a s\u00e9tima de Verstappen em 13 corridas, faltando nove para o final da temporada, e acabou em uma grande festa no circuito localizado \u00e0 beira de uma praia.<\/p>\n<p>&#8220;Como voc\u00ea pode ouvir, \u00e9 incr\u00edvel&#8221;, disse Verstappen para o rugido da multid\u00e3o. &#8220;As expectativas eram muito altas para o fim de semana e nunca \u00e9 f\u00e1cil cumpri-las, mas estou muito feliz por vencer aqui e assumir a lideran\u00e7a do campeonato.&#8221;<\/p>\n<p><span style=\"font-weight: 400;\">Fonte: Ag\u00eancia Brasil <\/span><\/p>\n","protected":false},"excerpt":{"rendered":"<p>O piloto holand\u00eas Max Verstappen venceu neste domingo (5) o Grande Pr\u00eamio da Holanda e tomou a lideran\u00e7a do Campeonato de Pilotos da F\u00f3rmula 1 diante de um ex\u00e9rcito de torcedores que celebraram o triunfo do her\u00f3i nacional com bandeiras na arquibancada. O piloto da RBR, de 23 anos, dominou a prova desde a largada, [&hellip;]<\/p>\n","protected":false},"author":246,"featured_media":187972,"comment_status":"closed","ping_status":"closed","sticky":false,"template":"","format":"standard","meta":{"footnotes":""},"categories":[436,257],"tags":[],"class_list":["post-187971","post","type-post","status-publish","format-standard","has-post-thumbnail","hentry","category-destaque-da-semana","category-esporte"],"_links":{"self":[{"href":"https:\/\/diarioregionaldigital.com.br\/index.php?rest_route=\/wp\/v2\/posts\/187971","targetHints":{"allow":["GET"]}}],"collection":[{"href":"https:\/\/diarioregionaldigital.com.br\/index.php?rest_route=\/wp\/v2\/posts"}],"about":[{"href":"https:\/\/diarioregionaldigital.com.br\/index.php?rest_route=\/wp\/v2\/types\/post"}],"author":[{"embeddable":true,"href":"https:\/\/diarioregionaldigital.com.br\/index.php?rest_route=\/wp\/v2\/users\/246"}],"replies":[{"embeddable":true,"href":"https:\/\/diarioregionaldigital.com.br\/index.php?rest_route=%2Fwp%2Fv2%2Fcomments&post=187971"}],"version-history":[{"count":1,"href":"https:\/\/diarioregionaldigital.com.br\/index.php?rest_route=\/wp\/v2\/posts\/187971\/revisions"}],"predecessor-version":[{"id":187973,"href":"https:\/\/diarioregionaldigital.com.br\/index.php?rest_route=\/wp\/v2\/posts\/187971\/revisions\/187973"}],"wp:featuredmedia":[{"embeddable":true,"href":"https:\/\/diarioregionaldigital.com.br\/index.php?rest_route=\/wp\/v2\/media\/187972"}],"wp:attachment":[{"href":"https:\/\/diarioregionaldigital.com.br\/index.php?rest_route=%2Fwp%2Fv2%2Fmedia&parent=187971"}],"wp:term":[{"taxonomy":"category","embeddable":true,"href":"https:\/\/diarioregionaldigital.com.br\/index.php?rest_route=%2Fwp%2Fv2%2Fcategories&post=187971"},{"taxonomy":"post_tag","embeddable":true,"href":"https:\/\/diarioregionaldigital.com.br\/index.php?rest_route=%2Fwp%2Fv2%2Ftags&post=187971"}],"curies":[{"name":"wp","href":"https:\/\/api.w.org\/{rel}","templated":true}]}}