{"id":187959,"date":"2021-09-06T16:17:22","date_gmt":"2021-09-06T19:17:22","guid":{"rendered":"https:\/\/diarioregionaldigital.com.br\/?p=187959"},"modified":"2021-09-06T16:17:22","modified_gmt":"2021-09-06T19:17:22","slug":"lei-sancionada-permite-quebra-de-patentes-em-razao-de-pandemias-fonte-agencia-camara-de-noticias","status":"publish","type":"post","link":"https:\/\/diarioregionaldigital.com.br\/?p=187959","title":{"rendered":"Lei sancionada permite quebra de patentes em raz\u00e3o de pandemias  Fonte: Ag\u00eancia C\u00e2mara de Not\u00edcias"},"content":{"rendered":"<p>O presidente Jair Bolsonaro sancionou na quinta-feira (2), com <span id=\"4485\" class=\"termoGlossario\" title=\"\" contenteditable=\"false\" data-toggle=\"tooltip\" data-placement=\"top\" data-original-title=\"Ocorre quando o presidente da Rep\u00fablica recusa, totalmente ou em parte, projeto aprovado pelo Congresso Nacional. Para que o veto seja derrubado, e o projeto se torne lei, s\u00e3o precisos os votos de 257 deputados e 41 senadores.\">vetos<\/span>, a <a class=\"linkLegislacao\" href=\"https:\/\/www2.camara.gov.br\/legin\/fed\/lei\/2021\/lei-14200-2-setembro-2021-791698-norma-pl.html\">Lei 14.200\/21<\/a>, que permite a quebra tempor\u00e1ria de patentes de vacinas e insumos em per\u00edodos de emerg\u00eancia ou estado de calamidade p\u00fablica. O Congresso Nacional decidir\u00e1 posteriormente se mant\u00e9m ou n\u00e3o os vetos.<\/p>\n<p>A norma \u00e9 oriunda de <a href=\"https:\/\/www.camara.leg.br\/noticias\/782195-CAMARA-APROVA-PROJETO-QUE-AUTORIZA-GOVERNO-A-QUEBRAR-PATENTE-PARA-PRODUZIR-VACINAS\">substitutivo da C\u00e2mara dos Deputados ao Projeto de Lei 12\/21, do Senado<\/a>, e altera a <a href=\"https:\/\/www2.camara.leg.br\/legin\/fed\/lei\/1996\/lei-9279-14-maio-1996-374644-norma-pl.html\">Lei de Propriedade Industrial<\/a>. \u201cVamos dotar o Brasil de uma das mais avan\u00e7adas leis sobre licen\u00e7a compuls\u00f3ria de patentes\u201d, afirmou o relator na C\u00e2mara, deputado <a href=\"https:\/\/www.camara.leg.br\/deputados\/74646\">A\u00e9cio Neves (PSDB-MG)<\/a>.<\/p>\n<p>De acordo com a nova lei, o detentor da patente ou do pedido dela, caso ainda n\u00e3o obtida, receber\u00e1 o valor de 1,5% do pre\u00e7o l\u00edquido de venda do produto derivado em royalties at\u00e9 que seu valor seja definido.<\/p>\n<p>No caso de pedidos, os valores s\u00f3 ser\u00e3o devidos se a patente for concedida. O pagamento corresponder\u00e1 a todo o per\u00edodo da licen\u00e7a compuls\u00f3ria concedida a outros fabricantes n\u00e3o autorizados antes da quebra da patente.<\/p>\n<p>O licenciamento compuls\u00f3rio, termo t\u00e9cnico para a quebra de patente, ser\u00e1 feito caso a caso. Al\u00e9m disso, s\u00f3 poder\u00e1 ser determinado na hip\u00f3tese de o titular da patente se recusar ou n\u00e3o conseguir atender \u00e0 necessidade local.<\/p>\n<p>\u201cAssim, cabe ressaltar que esse licenciamento compuls\u00f3rio n\u00e3o ser\u00e1 aplicado no momento atual para o enfrentamento da pandemia do novo coronav\u00edrus, uma vez que as vacinas est\u00e3o sendo devidamente fornecidas pelos parceiros internacionais\u201d, destacou em nota a Secretaria-Geral da Presid\u00eancia da Rep\u00fablica.<\/p>\n<p>Foram vetados dispositivos que obrigavam o propriet\u00e1rio da patente a efetuar a transfer\u00eancia de conhecimento e a fornecer os insumos de medicamentos e vacinas. \u201cEmbora merit\u00f3rias, seriam de dif\u00edcil implementa\u00e7\u00e3o e poderiam criar inseguran\u00e7a jur\u00eddica no \u00e2mbito internacional\u201d, diz a justificativa dos vetos.<\/p>\n<p>Fonte: Ag\u00eancia C\u00e2mara de Not\u00edcias<\/p>\n","protected":false},"excerpt":{"rendered":"<p>O presidente Jair Bolsonaro sancionou na quinta-feira (2), com vetos, a Lei 14.200\/21, que permite a quebra tempor\u00e1ria de patentes de vacinas e insumos em per\u00edodos de emerg\u00eancia ou estado de calamidade p\u00fablica. O Congresso Nacional decidir\u00e1 posteriormente se mant\u00e9m ou n\u00e3o os vetos. A norma \u00e9 oriunda de substitutivo da C\u00e2mara dos Deputados ao [&hellip;]<\/p>\n","protected":false},"author":246,"featured_media":187960,"comment_status":"closed","ping_status":"closed","sticky":false,"template":"","format":"standard","meta":{"footnotes":""},"categories":[436,254],"tags":[],"class_list":["post-187959","post","type-post","status-publish","format-standard","has-post-thumbnail","hentry","category-destaque-da-semana","category-politica"],"_links":{"self":[{"href":"https:\/\/diarioregionaldigital.com.br\/index.php?rest_route=\/wp\/v2\/posts\/187959","targetHints":{"allow":["GET"]}}],"collection":[{"href":"https:\/\/diarioregionaldigital.com.br\/index.php?rest_route=\/wp\/v2\/posts"}],"about":[{"href":"https:\/\/diarioregionaldigital.com.br\/index.php?rest_route=\/wp\/v2\/types\/post"}],"author":[{"embeddable":true,"href":"https:\/\/diarioregionaldigital.com.br\/index.php?rest_route=\/wp\/v2\/users\/246"}],"replies":[{"embeddable":true,"href":"https:\/\/diarioregionaldigital.com.br\/index.php?rest_route=%2Fwp%2Fv2%2Fcomments&post=187959"}],"version-history":[{"count":1,"href":"https:\/\/diarioregionaldigital.com.br\/index.php?rest_route=\/wp\/v2\/posts\/187959\/revisions"}],"predecessor-version":[{"id":187961,"href":"https:\/\/diarioregionaldigital.com.br\/index.php?rest_route=\/wp\/v2\/posts\/187959\/revisions\/187961"}],"wp:featuredmedia":[{"embeddable":true,"href":"https:\/\/diarioregionaldigital.com.br\/index.php?rest_route=\/wp\/v2\/media\/187960"}],"wp:attachment":[{"href":"https:\/\/diarioregionaldigital.com.br\/index.php?rest_route=%2Fwp%2Fv2%2Fmedia&parent=187959"}],"wp:term":[{"taxonomy":"category","embeddable":true,"href":"https:\/\/diarioregionaldigital.com.br\/index.php?rest_route=%2Fwp%2Fv2%2Fcategories&post=187959"},{"taxonomy":"post_tag","embeddable":true,"href":"https:\/\/diarioregionaldigital.com.br\/index.php?rest_route=%2Fwp%2Fv2%2Ftags&post=187959"}],"curies":[{"name":"wp","href":"https:\/\/api.w.org\/{rel}","templated":true}]}}