{"id":187949,"date":"2021-09-06T15:59:55","date_gmt":"2021-09-06T18:59:55","guid":{"rendered":"https:\/\/diarioregionaldigital.com.br\/?p=187949"},"modified":"2021-09-06T15:59:55","modified_gmt":"2021-09-06T18:59:55","slug":"pequenos-negocios-lideram-geracao-de-empregos-em-julho","status":"publish","type":"post","link":"https:\/\/diarioregionaldigital.com.br\/?p=187949","title":{"rendered":"Pequenos neg\u00f3cios lideram gera\u00e7\u00e3o de empregos em julho"},"content":{"rendered":"<p>Do\u00a0<a href=\"https:\/\/agenciabrasil.ebc.com.br\/economia\/noticia\/2021-08\/caged-brasil-cria-316-mil-postos-de-trabalho-formal-em-julho\" target=\"_blank\" rel=\"noopener\">saldo total de 316.580 novas contrata\u00e7\u00f5es feitas em julho<\/a>, pouco mais de 72%, o que d\u00e1 229.368 empregos formais, foram gerados por micro e pequenas empresas. Os dados s\u00e3o do Servi\u00e7o de Apoio \u00e0s Micro e Pequenas Empresas (Sebrae), com base nas estat\u00edsticas do Cadastro Geral de Empregados e Desempregados (Novo Caged), atualizadas mensalmente pelo Minist\u00e9rio do Trabalho e Previd\u00eancia.<img decoding=\"async\" src=\"https:\/\/agenciabrasil.ebc.com.br\/ebc.png?id=1420772&amp;o=node\" \/><img decoding=\"async\" src=\"https:\/\/agenciabrasil.ebc.com.br\/ebc.gif?id=1420772&amp;o=node\" \/><\/p>\n<p>Entre as m\u00e9dias e grandes empresas, o saldo de empregos gerados em julho foi de 73.694 vagas, o que representa 23,3% do total. No mesmo per\u00edodo, a administra\u00e7\u00e3o p\u00fablica realizou 712 contrata\u00e7\u00f5es (0,22%).<\/p>\n<p>O Sebrae considera como microempresa aquela que tem at\u00e9 9 empregados, no caso dos setores agropecu\u00e1rio, de com\u00e9rcio e servi\u00e7os. Na ind\u00fastria, as micro empresas s\u00e3o aquelas com at\u00e9 19 empregados. J\u00e1 as pequenas empresas s\u00e3o aquelas que possuem entre 20 e 99 empregados, no caso setor industrial; ou de 10 a 49 empregados, no caso dos setores de agropecu\u00e1ria, com\u00e9rcio e servi\u00e7os.<\/p>\n<p>No acumulado de 2021, os dados do novo Caged mostram que j\u00e1 foram criados no Brasil mais de 1,8 milh\u00e3o de postos de trabalhos formais. As micro e pequenas empresas foram respons\u00e1veis por 1,3 milh\u00e3o (70%) dessas vagas, enquanto as m\u00e9dias e grandes empresas geraram por pouco mais de 413 mil (22%). Para se\u00a0ter\u00a0uma ideia, em 2020, o saldo formal na gera\u00e7\u00e3o de empregos foi negativo para os pequenos neg\u00f3cios, com o fechamento de 679 mil vagas.<\/p>\n<p><strong>Servi\u00e7os se recuperam<\/strong><\/p>\n<p>O setor de servi\u00e7os, que foi um dos mais atingidos pela pandemia de covid-19, tem mostrado sinais de recupera\u00e7\u00e3o e foi o segmento que mais realizou novas contrata\u00e7\u00f5es em julho.<\/p>\n<p>De acordo com levantamento feito pelo Sebrae, das mais de 229 mil novas vagas criadas pelas micro e pequenas empresas nesse per\u00edodo, 94,2 mil foram do setor de servi\u00e7os, o que corresponde a 42% dos novos postos de trabalho criados pelos pequenos neg\u00f3cios.<\/p>\n<p>Para o Sebrae, o resultado confirma uma tend\u00eancia que j\u00e1 havia sido verificada na \u00faltima Sondagem das Micro e Pequenas Empresas, realizada mensalmente pela entidade em parceria com a Funda\u00e7\u00e3o Get\u00falio Vargas (FGV). Entre os fatores que impulsionam o setor, est\u00e3o o aumento da vacina\u00e7\u00e3o e a redu\u00e7\u00e3o dos casos\u00a0 de covid-19.<\/p>\n<p>Al\u00e9m do segmento de servi\u00e7os, todos os outros setores da economia entre micro e pequenas empresas apresentaram resultados positivos na cria\u00e7\u00e3o de emprego. O com\u00e9rcio foi respons\u00e1vel por 65,8 mil novos postos de trabalho, seguido pela ind\u00fastria da transforma\u00e7\u00e3o (36,5 mil), constru\u00e7\u00e3o civil (26,2 mil) e agropecu\u00e1ria (4 mil).<\/p>\n<p><span style=\"font-weight: 400;\">Fonte: Ag\u00eancia Brasil <\/span><\/p>\n","protected":false},"excerpt":{"rendered":"<p>Do\u00a0saldo total de 316.580 novas contrata\u00e7\u00f5es feitas em julho, pouco mais de 72%, o que d\u00e1 229.368 empregos formais, foram gerados por micro e pequenas empresas. Os dados s\u00e3o do Servi\u00e7o de Apoio \u00e0s Micro e Pequenas Empresas (Sebrae), com base nas estat\u00edsticas do Cadastro Geral de Empregados e Desempregados (Novo Caged), atualizadas mensalmente pelo [&hellip;]<\/p>\n","protected":false},"author":246,"featured_media":187950,"comment_status":"closed","ping_status":"closed","sticky":false,"template":"","format":"standard","meta":{"footnotes":""},"categories":[436,261],"tags":[],"class_list":["post-187949","post","type-post","status-publish","format-standard","has-post-thumbnail","hentry","category-destaque-da-semana","category-economia"],"_links":{"self":[{"href":"https:\/\/diarioregionaldigital.com.br\/index.php?rest_route=\/wp\/v2\/posts\/187949","targetHints":{"allow":["GET"]}}],"collection":[{"href":"https:\/\/diarioregionaldigital.com.br\/index.php?rest_route=\/wp\/v2\/posts"}],"about":[{"href":"https:\/\/diarioregionaldigital.com.br\/index.php?rest_route=\/wp\/v2\/types\/post"}],"author":[{"embeddable":true,"href":"https:\/\/diarioregionaldigital.com.br\/index.php?rest_route=\/wp\/v2\/users\/246"}],"replies":[{"embeddable":true,"href":"https:\/\/diarioregionaldigital.com.br\/index.php?rest_route=%2Fwp%2Fv2%2Fcomments&post=187949"}],"version-history":[{"count":1,"href":"https:\/\/diarioregionaldigital.com.br\/index.php?rest_route=\/wp\/v2\/posts\/187949\/revisions"}],"predecessor-version":[{"id":187951,"href":"https:\/\/diarioregionaldigital.com.br\/index.php?rest_route=\/wp\/v2\/posts\/187949\/revisions\/187951"}],"wp:featuredmedia":[{"embeddable":true,"href":"https:\/\/diarioregionaldigital.com.br\/index.php?rest_route=\/wp\/v2\/media\/187950"}],"wp:attachment":[{"href":"https:\/\/diarioregionaldigital.com.br\/index.php?rest_route=%2Fwp%2Fv2%2Fmedia&parent=187949"}],"wp:term":[{"taxonomy":"category","embeddable":true,"href":"https:\/\/diarioregionaldigital.com.br\/index.php?rest_route=%2Fwp%2Fv2%2Fcategories&post=187949"},{"taxonomy":"post_tag","embeddable":true,"href":"https:\/\/diarioregionaldigital.com.br\/index.php?rest_route=%2Fwp%2Fv2%2Ftags&post=187949"}],"curies":[{"name":"wp","href":"https:\/\/api.w.org\/{rel}","templated":true}]}}