{"id":187946,"date":"2021-09-06T15:56:53","date_gmt":"2021-09-06T18:56:53","guid":{"rendered":"https:\/\/diarioregionaldigital.com.br\/?p=187946"},"modified":"2021-09-06T15:56:53","modified_gmt":"2021-09-06T18:56:53","slug":"agencias-bancarias-nao-abrem-no-feriado-de-7-de-setembro","status":"publish","type":"post","link":"https:\/\/diarioregionaldigital.com.br\/?p=187946","title":{"rendered":"Ag\u00eancias banc\u00e1rias n\u00e3o abrem no feriado de 7 de Setembro"},"content":{"rendered":"<div class=\"post-item-wrap\">\n<p>Como de costume, as ag\u00eancias banc\u00e1rias n\u00e3o abrem nesta ter\u00e7a-feira, feriado de 7 de setembro, informa a Federa\u00e7\u00e3o Brasileira de Bancos (Febraban).<\/p>\n<p>Segundo a Febraban, nesta segunda-feira (6), os bancos abrem em localidades que n\u00e3o tiverem feriados municipais. As \u00e1reas de autoatendimento ficar\u00e3o dispon\u00edveis para os clientes, bem como os canais digitais e remotos de atendimento, como internet e\u00a0<em>mobile banking<\/em>.<img decoding=\"async\" src=\"https:\/\/agenciabrasil.ebc.com.br\/ebc.png?id=1420776&amp;o=node\" \/><img decoding=\"async\" src=\"https:\/\/agenciabrasil.ebc.com.br\/ebc.gif?id=1420776&amp;o=node\" \/><\/p>\n<p>Os bancos refor\u00e7am a necessidade de clientes evitarem ir \u00e0s ag\u00eancias banc\u00e1rias e recomendam o uso de canais digitais como principal meio de acesso aos servi\u00e7os, diz nota da Febraban. O atendimento por telefone\u00a0 e pelo computador est\u00e1 o dispon\u00edvel, oferecendo &#8220;praticamente a totalidade das transa\u00e7\u00f5es financeiras do sistema banc\u00e1rio, al\u00e9m de apresentar mais comodidade e conveni\u00eancia aos seus clientes&#8221;,acrescenta a nota.<\/p>\n<p>Boletos de contas como \u00e1gua, energia, telefone e carn\u00eas com vencimento em 7 de setembro poder\u00e3o ser pagos, sem acr\u00e9scimo, na quarta-feira (8), que \u00e9 o pr\u00f3ximo dia \u00fatil. Normalmente, segundo a Febraban, os tributos j\u00e1 v\u00eam com datas ajustadas ao calend\u00e1rio de feriados nacionais, estaduais e municipais.<\/p>\n<p>Os boletos banc\u00e1rios de clientes cadastrados como sacados eletr\u00f4nicos poder\u00e3o ser pagos por meio de d\u00e9bito direto autorizado (DDA).<\/p>\n<\/div>\n<p class=\"alt-font font-italic my-2 small text-info\"><span style=\"font-weight: 400;\">Fonte: Ag\u00eancia Brasil <\/span><\/p>\n","protected":false},"excerpt":{"rendered":"<p>Como de costume, as ag\u00eancias banc\u00e1rias n\u00e3o abrem nesta ter\u00e7a-feira, feriado de 7 de setembro, informa a Federa\u00e7\u00e3o Brasileira de Bancos (Febraban). Segundo a Febraban, nesta segunda-feira (6), os bancos abrem em localidades que n\u00e3o tiverem feriados municipais. As \u00e1reas de autoatendimento ficar\u00e3o dispon\u00edveis para os clientes, bem como os canais digitais e remotos de [&hellip;]<\/p>\n","protected":false},"author":246,"featured_media":187947,"comment_status":"closed","ping_status":"closed","sticky":false,"template":"","format":"standard","meta":{"footnotes":""},"categories":[436,261],"tags":[],"class_list":["post-187946","post","type-post","status-publish","format-standard","has-post-thumbnail","hentry","category-destaque-da-semana","category-economia"],"_links":{"self":[{"href":"https:\/\/diarioregionaldigital.com.br\/index.php?rest_route=\/wp\/v2\/posts\/187946","targetHints":{"allow":["GET"]}}],"collection":[{"href":"https:\/\/diarioregionaldigital.com.br\/index.php?rest_route=\/wp\/v2\/posts"}],"about":[{"href":"https:\/\/diarioregionaldigital.com.br\/index.php?rest_route=\/wp\/v2\/types\/post"}],"author":[{"embeddable":true,"href":"https:\/\/diarioregionaldigital.com.br\/index.php?rest_route=\/wp\/v2\/users\/246"}],"replies":[{"embeddable":true,"href":"https:\/\/diarioregionaldigital.com.br\/index.php?rest_route=%2Fwp%2Fv2%2Fcomments&post=187946"}],"version-history":[{"count":1,"href":"https:\/\/diarioregionaldigital.com.br\/index.php?rest_route=\/wp\/v2\/posts\/187946\/revisions"}],"predecessor-version":[{"id":187948,"href":"https:\/\/diarioregionaldigital.com.br\/index.php?rest_route=\/wp\/v2\/posts\/187946\/revisions\/187948"}],"wp:featuredmedia":[{"embeddable":true,"href":"https:\/\/diarioregionaldigital.com.br\/index.php?rest_route=\/wp\/v2\/media\/187947"}],"wp:attachment":[{"href":"https:\/\/diarioregionaldigital.com.br\/index.php?rest_route=%2Fwp%2Fv2%2Fmedia&parent=187946"}],"wp:term":[{"taxonomy":"category","embeddable":true,"href":"https:\/\/diarioregionaldigital.com.br\/index.php?rest_route=%2Fwp%2Fv2%2Fcategories&post=187946"},{"taxonomy":"post_tag","embeddable":true,"href":"https:\/\/diarioregionaldigital.com.br\/index.php?rest_route=%2Fwp%2Fv2%2Ftags&post=187946"}],"curies":[{"name":"wp","href":"https:\/\/api.w.org\/{rel}","templated":true}]}}