{"id":187940,"date":"2021-09-06T15:52:42","date_gmt":"2021-09-06T18:52:42","guid":{"rendered":"https:\/\/diarioregionaldigital.com.br\/?p=187940"},"modified":"2021-09-06T15:52:42","modified_gmt":"2021-09-06T18:52:42","slug":"instituicoes-financeiras-elevam-estimativa-de-inflacao-para-758","status":"publish","type":"post","link":"https:\/\/diarioregionaldigital.com.br\/?p=187940","title":{"rendered":"Institui\u00e7\u00f5es financeiras elevam estimativa de infla\u00e7\u00e3o para 7,58%"},"content":{"rendered":"<p>A previs\u00e3o do mercado financeiro para o \u00cdndice Nacional de Pre\u00e7os ao Consumidor Amplo (IPCA), considerada a infla\u00e7\u00e3o oficial do pa\u00eds, subiu de 7,27% para 7,58%, neste ano. \u00c9 a 22\u00aa eleva\u00e7\u00e3o consecutiva na proje\u00e7\u00e3o. A estimativa est\u00e1 no boletim Focus de hoje (6), pesquisa divulgada semanalmente pelo Banco Central (BC), com a proje\u00e7\u00e3o para os principais indicadores econ\u00f4micos.<img decoding=\"async\" src=\"https:\/\/agenciabrasil.ebc.com.br\/ebc.png?id=1420761&amp;o=node\" \/><img decoding=\"async\" src=\"https:\/\/agenciabrasil.ebc.com.br\/ebc.gif?id=1420761&amp;o=node\" \/><\/p>\n<p>Para 2022, a estimativa de infla\u00e7\u00e3o \u00e9 de 3,98%. Para 2023 e 2024, as previs\u00f5es s\u00e3o de 3,25% e 3%, respectivamente.<\/p>\n<p>A proje\u00e7\u00e3o para 2021 est\u00e1 acima da meta de infla\u00e7\u00e3o que deve ser perseguida pelo BC. A meta, definida pelo Conselho Monet\u00e1rio Nacional, \u00e9 de 3,75% para este ano, com intervalo de toler\u00e2ncia de 1,5 ponto percentual para cima ou para baixo. Ou seja, o limite inferior \u00e9 de 2,25% e o superior de 5,25%.<\/p>\n<p>Em julho, a\u00a0<a href=\"https:\/\/agenciabrasil.ebc.com.br\/economia\/noticia\/2021-08\/inflacao-pelo-ipca-sobe-096-em-julho-inpc-acelera-para-102\">infla\u00e7\u00e3o subiu 0,96%<\/a>, o maior resultado para o m\u00eas desde 2002, quando a alta ficou 1,19%. Com o resultado, o IPCA acumula alta de 4,76%, no ano, e 8,99%, nos \u00faltimos 12 meses.<\/p>\n<p>Os dados de agosto devem ser divulgados pelo Instituto Brasileiro de Geografia e Estat\u00edstica (IBGE) na pr\u00f3xima semana, mas o \u00cdndice Nacional de Pre\u00e7os ao Consumidor Amplo \u2013 15 (IPCA-15), que mede a pr\u00e9via da infla\u00e7\u00e3o oficial, registrou\u00a0<a href=\"https:\/\/agenciabrasil.ebc.com.br\/economia\/noticia\/2021-08\/previa-da-inflacao-oficial-fica-em-089-em-agosto\">infla\u00e7\u00e3o de 0,89%<\/a>\u00a0no m\u00eas passado, a maior varia\u00e7\u00e3o do IPCA-15 para um m\u00eas de agosto desde 2002 (1%).<\/p>\n<p><strong>Taxa de juros<\/strong><\/p>\n<p>Para alcan\u00e7ar a meta de infla\u00e7\u00e3o, o Banco Central usa como principal instrumento a taxa b\u00e1sica de juros, a Selic, estabelecida atualmente em 5,25% ao ano pelo Comit\u00ea de Pol\u00edtica Monet\u00e1ria (Copom). Para o mercado financeiro, a expectativa \u00e9 de que a Selic encerre 2021 em 7,63% ao ano. Para o fim de 2022, a estimativa \u00e9 de que a taxa b\u00e1sica suba para 7,75% ao ano. Tanto para 2023 como para 2024, a previs\u00e3o \u00e9 6,5% ao ano.<\/p>\n<p>Quando o Copom aumenta a taxa b\u00e1sica de juros, a finalidade \u00e9 conter a demanda aquecida e isso causa reflexos nos pre\u00e7os porque os juros mais altos encarecem o cr\u00e9dito e estimulam a poupan\u00e7a. Desse modo, taxas mais altas podem dificultar a recupera\u00e7\u00e3o da economia.<\/p>\n<p>Quando o Copom reduz a Selic, a tend\u00eancia \u00e9 de que o cr\u00e9dito fique mais barato, com incentivo \u00e0 produ\u00e7\u00e3o e ao consumo, reduzindo o controle da infla\u00e7\u00e3o e estimulando a atividade econ\u00f4mica.<\/p>\n<p><strong>PIB e c\u00e2mbio<\/strong><\/p>\n<p>As institui\u00e7\u00f5es financeiras consultadas pelo BC reduziram a proje\u00e7\u00e3o para o crescimento da economia brasileira este ano de 5,22% para 5,15%. Para 2022, a expectativa para Produto Interno Bruto (PIB) &#8211; a soma de todos os bens e servi\u00e7os produzidos no pa\u00eds &#8211; \u00e9 de crescimento de 1,93%. Em 2023 e 2024, o mercado financeiro projeta expans\u00e3o do PIB em 2,35% e 2,5%, respectivamente.<\/p>\n<p>A expectativa para a cota\u00e7\u00e3o do d\u00f3lar subiu de R$ 5,15 para R$ 5,17 para o final deste ano. Para o fim de 2022, a previs\u00e3o \u00e9 que a moeda americana fique em R$ 5,20.<\/p>\n<p><span style=\"font-weight: 400;\">Fonte: Ag\u00eancia Brasil <\/span><\/p>\n","protected":false},"excerpt":{"rendered":"<p>A previs\u00e3o do mercado financeiro para o \u00cdndice Nacional de Pre\u00e7os ao Consumidor Amplo (IPCA), considerada a infla\u00e7\u00e3o oficial do pa\u00eds, subiu de 7,27% para 7,58%, neste ano. \u00c9 a 22\u00aa eleva\u00e7\u00e3o consecutiva na proje\u00e7\u00e3o. A estimativa est\u00e1 no boletim Focus de hoje (6), pesquisa divulgada semanalmente pelo Banco Central (BC), com a proje\u00e7\u00e3o para [&hellip;]<\/p>\n","protected":false},"author":246,"featured_media":187941,"comment_status":"closed","ping_status":"closed","sticky":false,"template":"","format":"standard","meta":{"footnotes":""},"categories":[440,261],"tags":[],"class_list":["post-187940","post","type-post","status-publish","format-standard","has-post-thumbnail","hentry","category-destaques-do-dia","category-economia"],"_links":{"self":[{"href":"https:\/\/diarioregionaldigital.com.br\/index.php?rest_route=\/wp\/v2\/posts\/187940","targetHints":{"allow":["GET"]}}],"collection":[{"href":"https:\/\/diarioregionaldigital.com.br\/index.php?rest_route=\/wp\/v2\/posts"}],"about":[{"href":"https:\/\/diarioregionaldigital.com.br\/index.php?rest_route=\/wp\/v2\/types\/post"}],"author":[{"embeddable":true,"href":"https:\/\/diarioregionaldigital.com.br\/index.php?rest_route=\/wp\/v2\/users\/246"}],"replies":[{"embeddable":true,"href":"https:\/\/diarioregionaldigital.com.br\/index.php?rest_route=%2Fwp%2Fv2%2Fcomments&post=187940"}],"version-history":[{"count":1,"href":"https:\/\/diarioregionaldigital.com.br\/index.php?rest_route=\/wp\/v2\/posts\/187940\/revisions"}],"predecessor-version":[{"id":187942,"href":"https:\/\/diarioregionaldigital.com.br\/index.php?rest_route=\/wp\/v2\/posts\/187940\/revisions\/187942"}],"wp:featuredmedia":[{"embeddable":true,"href":"https:\/\/diarioregionaldigital.com.br\/index.php?rest_route=\/wp\/v2\/media\/187941"}],"wp:attachment":[{"href":"https:\/\/diarioregionaldigital.com.br\/index.php?rest_route=%2Fwp%2Fv2%2Fmedia&parent=187940"}],"wp:term":[{"taxonomy":"category","embeddable":true,"href":"https:\/\/diarioregionaldigital.com.br\/index.php?rest_route=%2Fwp%2Fv2%2Fcategories&post=187940"},{"taxonomy":"post_tag","embeddable":true,"href":"https:\/\/diarioregionaldigital.com.br\/index.php?rest_route=%2Fwp%2Fv2%2Ftags&post=187940"}],"curies":[{"name":"wp","href":"https:\/\/api.w.org\/{rel}","templated":true}]}}