{"id":187932,"date":"2021-09-05T06:00:37","date_gmt":"2021-09-05T09:00:37","guid":{"rendered":"https:\/\/diarioregionaldigital.com.br\/?p=187932"},"modified":"2021-09-04T01:46:33","modified_gmt":"2021-09-04T04:46:33","slug":"o-olhar-judaico-de-anita-novinsky","status":"publish","type":"post","link":"https:\/\/diarioregionaldigital.com.br\/?p=187932","title":{"rendered":"O olhar judaico de Anita Novinsky"},"content":{"rendered":"<p style=\"text-align: center;\"><strong>O olhar judaico de Anita Novinsky<\/strong><\/p>\n<p>\u00a0 \u00a0 \u00a0Eu j\u00e1 tinha ouvido falar do trabalho e da compet\u00eancia da professora Anita Novinsky, titular da USP, quando fui por ela procurado, em 1990, para uma parceria, na elabora\u00e7\u00e3o do livro \u201cO olhar judaico em Machado de Assis.\u201d Com um prazer imenso, escrevi o pref\u00e1cio desta obra, editada pela Exped do Rio de Janeiro. Firmamos ali as bases de uma s\u00f3lida amizade, avivada por encontros sucessivos em palestras e semin\u00e1rios.<br \/>\nAgora, recebo a triste not\u00edcia de que, aos 98 anos de idade, Anita nos deixou. Uma perda enorme para a nossa cultura, que ela representou de forma admir\u00e1vel. Anita, doutora em Hist\u00f3ria pela Universidade de S\u00e3o Paulo, destacou-se por seus not\u00e1veis saberes em Inquisi\u00e7\u00e3o. Tornou-se \u00edntima dos grandes conhecimentos armazenados na torre do Tombo, em Lisboa. Assim ela chegou ao poema \u201cA crist\u00e3 nova\u201d, de Machado de Assis (1839-1908), dentro dos ideais revolucion\u00e1rios e liberais do per\u00edodo. Teria o patrono das letras brasileiras se deixado influenciar pela sua condi\u00e7\u00e3o de mulato, solid\u00e1rio na dor da persegui\u00e7\u00e3o aos judeus?<br \/>\nEncontrei Anita Novinsky num semin\u00e1rio sobre o olhar judaico, promovido pela Universidade Federal do Rio de Janeiro, por inspira\u00e7\u00e3o de Helo\u00edsa Buarque de Holanda e Nelson Pereira. Encontro esse texto de Anita Novinsky em \u201cA crist\u00e3 nova\u201d: \u201cNa Inquisi\u00e7\u00e3o est\u00e1 o modelo ideal da implanta\u00e7\u00e3o de regimes totalit\u00e1rios, dos seus m\u00e9todos de tortura, etc.\u201d Sobre a dram\u00e1tica vida dos judeus no Brasil, Anita aborda a fr\u00e1gil, conflituosa e dram\u00e1tica exist\u00eancia dos judeus no Brasil, nos s\u00e9culos coloniais. Ela ressalta tr\u00eas conceitos nucleares: Tradi\u00e7\u00e3o, continuidade e Sacrif\u00edcio. O que distingue o grande escritor dos demais \u00e9 o sentido de eternidade que marca a sua obra. Anita, com a rara sensibilidade de pesquisadora e escritora soube captar todos esses elementos essenciais em sua obra. Como judia apaixonada, Anita Novinsky tratou do juda\u00edsmo em v\u00e1rias de seus livros, como Viver, O Dil\u00favio, Ant\u00f4nio Jos\u00e9 e A crist\u00e3 nova. Deixou para a posteridade textos de grande riqueza liter\u00e1ria, que ora recordamos com todo o respeito e venera\u00e7\u00e3o.<\/p>\n","protected":false},"excerpt":{"rendered":"<p>O olhar judaico de Anita Novinsky \u00a0 \u00a0 \u00a0Eu j\u00e1 tinha ouvido falar do trabalho e da compet\u00eancia da professora Anita Novinsky, titular da USP, quando fui por ela procurado, em 1990, para uma parceria, na elabora\u00e7\u00e3o do livro \u201cO olhar judaico em Machado de Assis.\u201d Com um prazer imenso, escrevi o pref\u00e1cio desta obra, [&hellip;]<\/p>\n","protected":false},"author":96,"featured_media":0,"comment_status":"closed","ping_status":"closed","sticky":false,"template":"","format":"standard","meta":{"footnotes":""},"categories":[275],"tags":[],"class_list":["post-187932","post","type-post","status-publish","format-standard","hentry","category-arnaldo-niskier"],"_links":{"self":[{"href":"https:\/\/diarioregionaldigital.com.br\/index.php?rest_route=\/wp\/v2\/posts\/187932","targetHints":{"allow":["GET"]}}],"collection":[{"href":"https:\/\/diarioregionaldigital.com.br\/index.php?rest_route=\/wp\/v2\/posts"}],"about":[{"href":"https:\/\/diarioregionaldigital.com.br\/index.php?rest_route=\/wp\/v2\/types\/post"}],"author":[{"embeddable":true,"href":"https:\/\/diarioregionaldigital.com.br\/index.php?rest_route=\/wp\/v2\/users\/96"}],"replies":[{"embeddable":true,"href":"https:\/\/diarioregionaldigital.com.br\/index.php?rest_route=%2Fwp%2Fv2%2Fcomments&post=187932"}],"version-history":[{"count":1,"href":"https:\/\/diarioregionaldigital.com.br\/index.php?rest_route=\/wp\/v2\/posts\/187932\/revisions"}],"predecessor-version":[{"id":187933,"href":"https:\/\/diarioregionaldigital.com.br\/index.php?rest_route=\/wp\/v2\/posts\/187932\/revisions\/187933"}],"wp:attachment":[{"href":"https:\/\/diarioregionaldigital.com.br\/index.php?rest_route=%2Fwp%2Fv2%2Fmedia&parent=187932"}],"wp:term":[{"taxonomy":"category","embeddable":true,"href":"https:\/\/diarioregionaldigital.com.br\/index.php?rest_route=%2Fwp%2Fv2%2Fcategories&post=187932"},{"taxonomy":"post_tag","embeddable":true,"href":"https:\/\/diarioregionaldigital.com.br\/index.php?rest_route=%2Fwp%2Fv2%2Ftags&post=187932"}],"curies":[{"name":"wp","href":"https:\/\/api.w.org\/{rel}","templated":true}]}}