{"id":187925,"date":"2021-09-03T20:06:59","date_gmt":"2021-09-03T23:06:59","guid":{"rendered":"https:\/\/diarioregionaldigital.com.br\/?p=187925"},"modified":"2021-09-03T20:06:59","modified_gmt":"2021-09-03T23:06:59","slug":"empav-realiza-servicos-de-varricao-e-limpeza-em-praca-do-bairro-santa-terezinha","status":"publish","type":"post","link":"https:\/\/diarioregionaldigital.com.br\/?p=187925","title":{"rendered":"Empav realiza servi\u00e7os de varri\u00e7\u00e3o e limpeza em Pra\u00e7a do Bairro Santa Terezinha"},"content":{"rendered":"<p>Com o objetivo de melhora das vias e pra\u00e7as do munic\u00edpio, servidores do Departamento de Parques e Jardins da Empresa Municipal de Pavimenta\u00e7\u00e3o e Urbaniza\u00e7\u00e3o (Empav) realizaram nesta sexta-feira, 3, servi\u00e7os de varri\u00e7\u00e3o e limpeza na Pra\u00e7a Professor Benjamin Colucci, no bairro Santa Terezinha.<\/p>\n<p>Segundo informa\u00e7\u00f5es do site da Prefeitura de Juiz de Fora, em conformidade com os resultados alcan\u00e7ados pela Opera\u00e7\u00e3o Boniteza da Prefeitura de Juiz de Fora (PJF), durante a semana, equipes realizaram interven\u00e7\u00f5es de zeladoria em diversas pra\u00e7as e vias do munic\u00edpio. Amaz\u00f4nia, Bairu, Francisco Bernardino, Industrial, Nossa Senhora de F\u00e1tima, Santa Helena, Santa Luzia e Santo Ant\u00f4nio foram alguns dos bairros visitados pelas equipes da Empav.<\/p>\n<p>Seguindo o cronograma de atividades semanais, os servi\u00e7os de manuten\u00e7\u00e3o e coleta de res\u00edduos s\u00f3lidos s\u00e3o realizados nos canteiros centrais da Avenida Juscelino Kubitschek, bairro Nova Era e na Pra\u00e7a da Igreja Melquita, no bairro Santa Helena, onde equipes realizam tamb\u00e9m os servi\u00e7os de varri\u00e7\u00e3o e limpeza do local. J\u00e1 os servi\u00e7os de poda de grama e levantamento das copas de \u00e1rvores na Avenida Brasil, no Centro; Rua Am\u00e9rico Luz, no bairro Bairu e na Rua Alhos Branco da Rosa, situada no bairro Santo Ant\u00f4nio.<\/p>\n<p>Para solicitar estes e outros servi\u00e7os, entre em contato com o Gabinete de A\u00e7\u00e3o e Di\u00e1logo Comunit\u00e1rio, que recebe e organiza pedidos relativos a interven\u00e7\u00f5es e melhorias urbanas. O contato pode ser feito atrav\u00e9s de liga\u00e7\u00e3o telef\u00f4nica pelo n\u00famero (32) 3690-7241 ou via WhatsApp, utilizando o mesmo n\u00famero.<\/p>\n","protected":false},"excerpt":{"rendered":"<p>Com o objetivo de melhora das vias e pra\u00e7as do munic\u00edpio, servidores do Departamento de Parques e Jardins da Empresa Municipal de Pavimenta\u00e7\u00e3o e Urbaniza\u00e7\u00e3o (Empav) realizaram nesta sexta-feira, 3, servi\u00e7os de varri\u00e7\u00e3o e limpeza na Pra\u00e7a Professor Benjamin Colucci, no bairro Santa Terezinha. Segundo informa\u00e7\u00f5es do site da Prefeitura de Juiz de Fora, em [&hellip;]<\/p>\n","protected":false},"author":246,"featured_media":187926,"comment_status":"closed","ping_status":"closed","sticky":false,"template":"","format":"standard","meta":{"footnotes":""},"categories":[253,436],"tags":[],"class_list":["post-187925","post","type-post","status-publish","format-standard","has-post-thumbnail","hentry","category-cidade","category-destaque-da-semana"],"_links":{"self":[{"href":"https:\/\/diarioregionaldigital.com.br\/index.php?rest_route=\/wp\/v2\/posts\/187925","targetHints":{"allow":["GET"]}}],"collection":[{"href":"https:\/\/diarioregionaldigital.com.br\/index.php?rest_route=\/wp\/v2\/posts"}],"about":[{"href":"https:\/\/diarioregionaldigital.com.br\/index.php?rest_route=\/wp\/v2\/types\/post"}],"author":[{"embeddable":true,"href":"https:\/\/diarioregionaldigital.com.br\/index.php?rest_route=\/wp\/v2\/users\/246"}],"replies":[{"embeddable":true,"href":"https:\/\/diarioregionaldigital.com.br\/index.php?rest_route=%2Fwp%2Fv2%2Fcomments&post=187925"}],"version-history":[{"count":1,"href":"https:\/\/diarioregionaldigital.com.br\/index.php?rest_route=\/wp\/v2\/posts\/187925\/revisions"}],"predecessor-version":[{"id":187927,"href":"https:\/\/diarioregionaldigital.com.br\/index.php?rest_route=\/wp\/v2\/posts\/187925\/revisions\/187927"}],"wp:featuredmedia":[{"embeddable":true,"href":"https:\/\/diarioregionaldigital.com.br\/index.php?rest_route=\/wp\/v2\/media\/187926"}],"wp:attachment":[{"href":"https:\/\/diarioregionaldigital.com.br\/index.php?rest_route=%2Fwp%2Fv2%2Fmedia&parent=187925"}],"wp:term":[{"taxonomy":"category","embeddable":true,"href":"https:\/\/diarioregionaldigital.com.br\/index.php?rest_route=%2Fwp%2Fv2%2Fcategories&post=187925"},{"taxonomy":"post_tag","embeddable":true,"href":"https:\/\/diarioregionaldigital.com.br\/index.php?rest_route=%2Fwp%2Fv2%2Ftags&post=187925"}],"curies":[{"name":"wp","href":"https:\/\/api.w.org\/{rel}","templated":true}]}}