{"id":187921,"date":"2021-09-03T20:04:17","date_gmt":"2021-09-03T23:04:17","guid":{"rendered":"https:\/\/diarioregionaldigital.com.br\/?p=187921"},"modified":"2021-09-03T20:04:17","modified_gmt":"2021-09-03T23:04:17","slug":"pluviometros-passam-por-manutencao-em-juiz-de-fora","status":"publish","type":"post","link":"https:\/\/diarioregionaldigital.com.br\/?p=187921","title":{"rendered":"Pluvi\u00f4metros passam por manuten\u00e7\u00e3o em Juiz de Fora"},"content":{"rendered":"<p>Diante da proximidade do per\u00edodo chuvoso, os pluvi\u00f4metros de Juiz de Fora passaram por limpeza e manuten\u00e7\u00e3o. Os servi\u00e7os foram realizados durante esta semana por empresa contratada pelo Centro Nacional de Monitoramento e Alertas de Desastres Naturais (Cemaden).<\/p>\n<p>Segundo informa\u00e7\u00f5es do site da Prefeitura de Juiz de Fora, os pluvi\u00f4metros s\u00e3o fundamentais para auxiliar a Defesa Civil na prepara\u00e7\u00e3o para situa\u00e7\u00e3o de risco, j\u00e1 que registram a intensidade e o volume das chuvas em diversas regi\u00f5es da cidade. Em Juiz de Fora, h\u00e1 25 pluvi\u00f4metros autom\u00e1ticos e 11 semiautom\u00e1ticos. Os equipamentos autom\u00e1ticos registram o volume e intensidade da chuva e enviam os dados em tempo quase-real para o Cemaden, enquanto as informa\u00e7\u00f5es coletadas pelos semiautom\u00e1ticos s\u00e3o armazenadas para an\u00e1lise posterior.<\/p>\n<p>O Cemaden, atrav\u00e9s da leitura dos equipamentos, analisa dados, emite alertas quando necess\u00e1rio e identifica aqueles que precisam de ajustes. Nesta semana, dez pluvi\u00f4metros autom\u00e1ticos passaram por manuten\u00e7\u00e3o: Aeroporto, Centro, Cidade Universit\u00e1ria, Filgueiras, Grama, Graminha, Linhares, Monte Castelo, Passos Del Rei e Paula Lima.<\/p>\n<p>Al\u00e9m disso, houve a instala\u00e7\u00e3o de um pluvi\u00f4metro autom\u00e1tico em Santa Luzia. No \u00faltimo per\u00edodo chuvoso, a Defesa Civil identificou ocorr\u00eancias significativas no bairro tanto hidrol\u00f3gicas (inunda\u00e7\u00f5es e alagamentos) quanto geol\u00f3gicas (deslizamento de solo). O registro da pluviometria na regi\u00e3o possibilitar\u00e1 mais precis\u00e3o na emiss\u00e3o de alertas para os moradores.<\/p>\n","protected":false},"excerpt":{"rendered":"<p>Diante da proximidade do per\u00edodo chuvoso, os pluvi\u00f4metros de Juiz de Fora passaram por limpeza e manuten\u00e7\u00e3o. Os servi\u00e7os foram realizados durante esta semana por empresa contratada pelo Centro Nacional de Monitoramento e Alertas de Desastres Naturais (Cemaden). Segundo informa\u00e7\u00f5es do site da Prefeitura de Juiz de Fora, os pluvi\u00f4metros s\u00e3o fundamentais para auxiliar a [&hellip;]<\/p>\n","protected":false},"author":246,"featured_media":187922,"comment_status":"closed","ping_status":"closed","sticky":false,"template":"","format":"standard","meta":{"footnotes":""},"categories":[253,436],"tags":[],"class_list":["post-187921","post","type-post","status-publish","format-standard","has-post-thumbnail","hentry","category-cidade","category-destaque-da-semana"],"_links":{"self":[{"href":"https:\/\/diarioregionaldigital.com.br\/index.php?rest_route=\/wp\/v2\/posts\/187921","targetHints":{"allow":["GET"]}}],"collection":[{"href":"https:\/\/diarioregionaldigital.com.br\/index.php?rest_route=\/wp\/v2\/posts"}],"about":[{"href":"https:\/\/diarioregionaldigital.com.br\/index.php?rest_route=\/wp\/v2\/types\/post"}],"author":[{"embeddable":true,"href":"https:\/\/diarioregionaldigital.com.br\/index.php?rest_route=\/wp\/v2\/users\/246"}],"replies":[{"embeddable":true,"href":"https:\/\/diarioregionaldigital.com.br\/index.php?rest_route=%2Fwp%2Fv2%2Fcomments&post=187921"}],"version-history":[{"count":2,"href":"https:\/\/diarioregionaldigital.com.br\/index.php?rest_route=\/wp\/v2\/posts\/187921\/revisions"}],"predecessor-version":[{"id":187924,"href":"https:\/\/diarioregionaldigital.com.br\/index.php?rest_route=\/wp\/v2\/posts\/187921\/revisions\/187924"}],"wp:featuredmedia":[{"embeddable":true,"href":"https:\/\/diarioregionaldigital.com.br\/index.php?rest_route=\/wp\/v2\/media\/187922"}],"wp:attachment":[{"href":"https:\/\/diarioregionaldigital.com.br\/index.php?rest_route=%2Fwp%2Fv2%2Fmedia&parent=187921"}],"wp:term":[{"taxonomy":"category","embeddable":true,"href":"https:\/\/diarioregionaldigital.com.br\/index.php?rest_route=%2Fwp%2Fv2%2Fcategories&post=187921"},{"taxonomy":"post_tag","embeddable":true,"href":"https:\/\/diarioregionaldigital.com.br\/index.php?rest_route=%2Fwp%2Fv2%2Ftags&post=187921"}],"curies":[{"name":"wp","href":"https:\/\/api.w.org\/{rel}","templated":true}]}}