{"id":187918,"date":"2021-09-03T20:01:59","date_gmt":"2021-09-03T23:01:59","guid":{"rendered":"https:\/\/diarioregionaldigital.com.br\/?p=187918"},"modified":"2021-09-03T20:01:59","modified_gmt":"2021-09-03T23:01:59","slug":"implosao-de-rocha-na-avenida-rio-branco-e-adiada","status":"publish","type":"post","link":"https:\/\/diarioregionaldigital.com.br\/?p=187918","title":{"rendered":"Implos\u00e3o de rocha na Avenida Rio Branco \u00e9 adiada"},"content":{"rendered":"<p>Segundo informa\u00e7\u00f5es do site da Prefeitura de Juiz de Fora, a Secretaria de Mobilidade Urbana (SMU) informa que a \u00faltima etapa da implos\u00e3o de rocha em obra na Avenida Rio Branco, no bairro Cruzeiro do Sul, que estava prevista para este s\u00e1bado, 4, \u00e0s 15h, n\u00e3o ser\u00e1 mais realizada nesta data. O tr\u00e2nsito do local seria interditado no trecho entre a Rua Ibitiguaia e a Avenida Joaquim Vicente Guedes em frente ao n\u00famero 5.250 da via. A sa\u00edda da Rua Aurora Torres para a Avenida Rio Branco tamb\u00e9m ficaria fechada. Ambas permanecer\u00e3o com a circula\u00e7\u00e3o normal. A SMU informar\u00e1 quando for estabelecida uma nova data para a implos\u00e3o<\/p>\n","protected":false},"excerpt":{"rendered":"<p>Segundo informa\u00e7\u00f5es do site da Prefeitura de Juiz de Fora, a Secretaria de Mobilidade Urbana (SMU) informa que a \u00faltima etapa da implos\u00e3o de rocha em obra na Avenida Rio Branco, no bairro Cruzeiro do Sul, que estava prevista para este s\u00e1bado, 4, \u00e0s 15h, n\u00e3o ser\u00e1 mais realizada nesta data. O tr\u00e2nsito do local [&hellip;]<\/p>\n","protected":false},"author":246,"featured_media":187919,"comment_status":"closed","ping_status":"closed","sticky":false,"template":"","format":"standard","meta":{"footnotes":""},"categories":[253,436],"tags":[],"class_list":["post-187918","post","type-post","status-publish","format-standard","has-post-thumbnail","hentry","category-cidade","category-destaque-da-semana"],"_links":{"self":[{"href":"https:\/\/diarioregionaldigital.com.br\/index.php?rest_route=\/wp\/v2\/posts\/187918","targetHints":{"allow":["GET"]}}],"collection":[{"href":"https:\/\/diarioregionaldigital.com.br\/index.php?rest_route=\/wp\/v2\/posts"}],"about":[{"href":"https:\/\/diarioregionaldigital.com.br\/index.php?rest_route=\/wp\/v2\/types\/post"}],"author":[{"embeddable":true,"href":"https:\/\/diarioregionaldigital.com.br\/index.php?rest_route=\/wp\/v2\/users\/246"}],"replies":[{"embeddable":true,"href":"https:\/\/diarioregionaldigital.com.br\/index.php?rest_route=%2Fwp%2Fv2%2Fcomments&post=187918"}],"version-history":[{"count":1,"href":"https:\/\/diarioregionaldigital.com.br\/index.php?rest_route=\/wp\/v2\/posts\/187918\/revisions"}],"predecessor-version":[{"id":187920,"href":"https:\/\/diarioregionaldigital.com.br\/index.php?rest_route=\/wp\/v2\/posts\/187918\/revisions\/187920"}],"wp:featuredmedia":[{"embeddable":true,"href":"https:\/\/diarioregionaldigital.com.br\/index.php?rest_route=\/wp\/v2\/media\/187919"}],"wp:attachment":[{"href":"https:\/\/diarioregionaldigital.com.br\/index.php?rest_route=%2Fwp%2Fv2%2Fmedia&parent=187918"}],"wp:term":[{"taxonomy":"category","embeddable":true,"href":"https:\/\/diarioregionaldigital.com.br\/index.php?rest_route=%2Fwp%2Fv2%2Fcategories&post=187918"},{"taxonomy":"post_tag","embeddable":true,"href":"https:\/\/diarioregionaldigital.com.br\/index.php?rest_route=%2Fwp%2Fv2%2Ftags&post=187918"}],"curies":[{"name":"wp","href":"https:\/\/api.w.org\/{rel}","templated":true}]}}