{"id":187915,"date":"2021-09-03T19:58:01","date_gmt":"2021-09-03T22:58:01","guid":{"rendered":"https:\/\/diarioregionaldigital.com.br\/?p=187915"},"modified":"2021-09-03T19:58:01","modified_gmt":"2021-09-03T22:58:01","slug":"utilizando-49-pontos-da-vacinacao-pjf-realiza-mutirao-de-segundas-doses-a-partir-de-quinta-dia-9","status":"publish","type":"post","link":"https:\/\/diarioregionaldigital.com.br\/?p=187915","title":{"rendered":"Utilizando 49 pontos da vacina\u00e7\u00e3o, PJF realiza mutir\u00e3o de segundas doses a partir de quinta, dia 9"},"content":{"rendered":"<p>Com a previs\u00e3o do recebimento de uma nova remessa de AstraZeneca, a Secretaria de Sa\u00fade (SS) da Prefeitura de Juiz de Fora (PJF) far\u00e1 um mutir\u00e3o de segundas doses do imunizante a partir de quinta-feira, 9, em 49 pontos de vacina\u00e7\u00e3o, para facilitar o acesso e regularizar a aplica\u00e7\u00e3o das segundas doses, que atrasaram por conta de falta de envio da vacina por parte do Minist\u00e9rio da Sa\u00fade (MS). Na quinta, todas as pessoas que deveriam receber a segunda dose de AstraZeneca em agosto e que n\u00e3o conseguiram v\u00e3o poder ser vacinadas em 46 Unidades B\u00e1sicas de Sa\u00fade (UBSs), das 8h \u00e0s 11h, no Sport Club JF e Sesc Juiz de Fora, das 8 \u00e0s 16h, e no drive-thru da UFJF, das 9 \u00e0s 16h.<\/p>\n<p>Segundo informa\u00e7\u00f5es do site da Prefeitura de Juiz de Fora, na sexta-feira, 10, as segundas doses de Astrazeneca ser\u00e3o destinadas \u00e0s pessoas com data de retorno entre os dias 1\u00ba e 7 de setembro, tamb\u00e9m nas 46 UBSs, de 8h \u00e0s 11h, Sport Club JF e Sesc, das 8h \u00e0s 16h, e no drive-thru da UFJF, das 9 \u00e0s 16h. Tanto na quinta quanto na sexta-feira, as segundas doses Coronavac e Pfizer ser\u00e3o oferecidas para pessoas com aprazamento no dia ou em data anterior. O imunizante Coronavac poder\u00e1 ser encontrado no Sport, enquanto as segundas doses de Pfizer ser\u00e3o disponibilizadas no Sesc.<\/p>\n<p><b>Vacina\u00e7\u00e3o na quarta-feira, dia 8<\/b><\/p>\n<p>Na quarta-feira, 8, ser\u00e3o aplicadas as segundas doses de Coronavac e Pfizer para as pessoas com data de retorno no cart\u00e3o de vacina para o dia 8 de setembro ou data anterior ou data anterior, no Sport e Sesc, das 8h \u00e0s 16h, nas 10 UBSs que vinham sendo utilizadas nas \u00faltimas semanas, das 8h \u00e0s 11h e das 13h \u00e0s 16h.<\/p>\n<p><b>Confira o calend\u00e1rio:<\/b><\/p>\n<p><b>Quinta-feira, 09\/09<\/b><br \/>\n<b>Segundas doses de AstraZeneca para as pessoas que deveriam ser vacinadas em agosto<\/b><br \/>\nSesc e Sport, das 8h \u00e0s 16h, drive-thru da UFJF, das 9h \u00e0s 16h, e em 46 UBSs, das 8h \u00e0s 11h.<\/p>\n<p><b>Segundas doses de Coronavac<\/b><br \/>\nNo Sport, das 8h \u00e0s 16h.<\/p>\n<p><b>Segundas doses de Pfizer<\/b><br \/>\nNo Sesc, das 8h \u00e0s 16h.<\/p>\n<p><b>Sexta-feira, 10\/09<\/b><br \/>\n<b>Segundas doses de AstraZeneca para as pessoas que deveriam ser vacinadas entre 1\u00ba e 7 de setembro<\/b><br \/>\nSesc e Sport, das 8h \u00e0s 16h, drive-thru da UFJF, das 9h \u00e0s 16h, e em 46 UBSs, das 8h \u00e0s 11h.<\/p>\n<p><b>Segundas doses de Coronavac<\/b><br \/>\nNo Sport, das 8h \u00e0s 16h.<\/p>\n<p><b>Segundas doses de Pfizer<\/b><br \/>\nNo Sesc, das 8h \u00e0s 16h.<\/p>\n<p><b>Confira os endere\u00e7os dos locais de vacina\u00e7\u00e3o:<\/b><\/p>\n<p><b>Drive-Thru da UFJF<\/b><br \/>\nCampus da UFJF, estacionamento da Faculdade de Educa\u00e7\u00e3o (Faced)<\/p>\n<p><b>Sesc Juiz de Fora<\/b><br \/>\nRua Oswaldo Aranha, 109<\/p>\n<p><b>Sport Club Juiz de Fora<\/b><br \/>\nAvenida Bar\u00e3o do Rio Branco, 1.303, Centro (entrada pela avenida Brasil)<\/p>\n<p><b>UBSs:<\/b><br \/>\n1. UBS Alto Graja\u00fa, Rua Doutor Leonel Jaguaribe, 178;<br \/>\n2. UBS Bairro Industrial, Rua Jo\u00e3o Gualberto,110;<br \/>\n3. UBS Barreira do Triunfo, Avenida Juscelino Kubitscheck, s\/n\u00ba;<br \/>\n4. UBS Benfica, Rua Guararapes, 106;<br \/>\n5. UBS Borboleta, Rua Tenente Paulo Maria Delage, 229;<br \/>\n6. UBS Centro Sul, Avenida Rio Branco, 3132;<br \/>\n7. UBS Cidade do Sol, Rua Gustavo Capanema, 70;<br \/>\n8. UBS Dom Bosco, Rua Jo\u00e3o Manata, 93;<br \/>\n9. UBS Esplanada, Rua Bias Fortes, 74;<br \/>\n10.UBS Filgueiras, Rua Orlando Riani, 2.200;<br \/>\n11.UBS Furtado de Menezes, Rua Furtado de Menezes, 19;<br \/>\n12.UBS Grama, Pra\u00e7a \u00c1ureo Carneiro s\/n;<br \/>\n13.UBS Granjas Beth\u00e2nia, Rua Nove de Julho, 294;<br \/>\n14.UBS Ipiranga, Rua Etiene Loures, 85;<br \/>\n15.UBS Jardim da Lua, Rua Natalino Jos\u00e9 de Paula, 314;<br \/>\n16.UBS Jardim Esperan\u00e7a, Rua Padre Jo\u00e3o Micheleto, 35;<br \/>\n17.UBS Jardim Natal, Rua Tenente Lucas Drumond, 370;<br \/>\n18.UBS Joquei Clube I, Rua Antonio Armando Pereira, 140;<br \/>\n19.UBS Joquei Clube II, Rua Antonio Guimar\u00e3es Peralva, 130;<br \/>\n20.UBS Linhares, Rua Ministro Odilon Braga, s\/n\u00ba;<br \/>\n21.UBS Marumbi, Rua Bar\u00e3o do Retiro, 1.462;<br \/>\n22.UBS Milho Branco, Rua Nicolau Schuery, s\/n\u00ba;<br \/>\n23.UBS Monte Castelo, Rua Doutor Oswaldo Mascarenhas, s\/n\u00ba;<br \/>\n24.UBS Nossa Senhora Aparecida, Rua Nossa Senhora Aparecida, 775;<br \/>\n25.UBS Nossa Senhora das Gra\u00e7as, Rua Queluz, 72;<br \/>\n26.UBS Nossa Senhora de Lourdes, Rua In\u00e1cio Gama, 813;<br \/>\n27.UBS Nova Era, Rua Guimar\u00e3es Junior, 850;<br \/>\n28.UBS Parque Guarani, Rua Sofia Rafael Zacarias, 685;<br \/>\n29.UBS Progresso, Rua Jorge Knopp, 119;<br \/>\n30.UBS Retiro Rua, Sebasti\u00e3o Cardoso, 41;<br \/>\n31.UBS Santa Cec\u00edlia, Rua Gabriel Rodrigues, 900;<br \/>\n32.UBS Santa Cruz, Rua Doutor Antonio Mour\u00e3o Guimar\u00e3es, 245;<br \/>\n33.UBS Santa Efig\u00eania, Rua Jos\u00e9 Ferreira, 13;<br \/>\n34.UBS Santa Luzia, Rua Torre\u00f5es, s\/n\u00ba;<br \/>\n35.UBS Santa Rita, Rua Jos\u00e9 Vicente, 390;<br \/>\n36.UBS Santo Ant\u00f4nio, Rua Pedro Trogo, 285;<br \/>\n37.UBS Santos Dumont, Rua Alvaro Jos\u00e9 Rodrigues, 25;<br \/>\n38.UBS S\u00e3o Judas Tadeu, Rua Ernesto Pancini, 446;<br \/>\n39.UBS S\u00e3o Pedro, Rua Jo\u00e1o Louren\u00e7o Kelmer, 1433;<br \/>\n40.UBS S\u00e3o Sebasti\u00e3o, Rua Jorge Raimundo, 209;<br \/>\n41.UBS Teixeiras, Rua Cust\u00f3dio Furtado de Souza, 131;<br \/>\n42.UBS Vale dos Bandeirantes Rua Laurindo Nocelli, 100;<br \/>\n43.UBS Vale Verde, Rua Marciano Pinto, 685;<br \/>\n44.UBS Vila Esperan\u00e7a, Rua Nova, 30;<br \/>\n45.UBS Vila Ideal, Avenida Francisco Valadares, 1910;<br \/>\n46.UBS Vila Olavo Costa, Rua Jacinto Marcelino, 16.<\/p>\n","protected":false},"excerpt":{"rendered":"<p>Com a previs\u00e3o do recebimento de uma nova remessa de AstraZeneca, a Secretaria de Sa\u00fade (SS) da Prefeitura de Juiz de Fora (PJF) far\u00e1 um mutir\u00e3o de segundas doses do imunizante a partir de quinta-feira, 9, em 49 pontos de vacina\u00e7\u00e3o, para facilitar o acesso e regularizar a aplica\u00e7\u00e3o das segundas doses, que atrasaram por [&hellip;]<\/p>\n","protected":false},"author":246,"featured_media":187916,"comment_status":"closed","ping_status":"closed","sticky":false,"template":"","format":"standard","meta":{"footnotes":""},"categories":[253,440],"tags":[],"class_list":["post-187915","post","type-post","status-publish","format-standard","has-post-thumbnail","hentry","category-cidade","category-destaques-do-dia"],"_links":{"self":[{"href":"https:\/\/diarioregionaldigital.com.br\/index.php?rest_route=\/wp\/v2\/posts\/187915","targetHints":{"allow":["GET"]}}],"collection":[{"href":"https:\/\/diarioregionaldigital.com.br\/index.php?rest_route=\/wp\/v2\/posts"}],"about":[{"href":"https:\/\/diarioregionaldigital.com.br\/index.php?rest_route=\/wp\/v2\/types\/post"}],"author":[{"embeddable":true,"href":"https:\/\/diarioregionaldigital.com.br\/index.php?rest_route=\/wp\/v2\/users\/246"}],"replies":[{"embeddable":true,"href":"https:\/\/diarioregionaldigital.com.br\/index.php?rest_route=%2Fwp%2Fv2%2Fcomments&post=187915"}],"version-history":[{"count":1,"href":"https:\/\/diarioregionaldigital.com.br\/index.php?rest_route=\/wp\/v2\/posts\/187915\/revisions"}],"predecessor-version":[{"id":187917,"href":"https:\/\/diarioregionaldigital.com.br\/index.php?rest_route=\/wp\/v2\/posts\/187915\/revisions\/187917"}],"wp:featuredmedia":[{"embeddable":true,"href":"https:\/\/diarioregionaldigital.com.br\/index.php?rest_route=\/wp\/v2\/media\/187916"}],"wp:attachment":[{"href":"https:\/\/diarioregionaldigital.com.br\/index.php?rest_route=%2Fwp%2Fv2%2Fmedia&parent=187915"}],"wp:term":[{"taxonomy":"category","embeddable":true,"href":"https:\/\/diarioregionaldigital.com.br\/index.php?rest_route=%2Fwp%2Fv2%2Fcategories&post=187915"},{"taxonomy":"post_tag","embeddable":true,"href":"https:\/\/diarioregionaldigital.com.br\/index.php?rest_route=%2Fwp%2Fv2%2Ftags&post=187915"}],"curies":[{"name":"wp","href":"https:\/\/api.w.org\/{rel}","templated":true}]}}