{"id":187912,"date":"2021-09-03T19:47:35","date_gmt":"2021-09-03T22:47:35","guid":{"rendered":"https:\/\/diarioregionaldigital.com.br\/?p=187912"},"modified":"2021-09-03T19:47:35","modified_gmt":"2021-09-03T22:47:35","slug":"thiago-paulino-e-ouro-e-marco-aurelio-e-bronze-no-arremesso-de-peso","status":"publish","type":"post","link":"https:\/\/diarioregionaldigital.com.br\/?p=187912","title":{"rendered":"Thiago Paulino \u00e9 ouro e Marco Aur\u00e9lio \u00e9 bronze no arremesso de peso"},"content":{"rendered":"<p>O paulista Thiago Paulino foi o melhor competidor na prova de arremesso de peso da classe F57 (cadeirante) e conquistou, nesta\u00a0sexta-feira (3), medalha de ouro na Paralimp\u00edada de T\u00f3quio. O Brasileiro, que tamb\u00e9m \u00e9 o atual campe\u00e3o mundial, cravou 15,10 metros no Est\u00e1dio Ol\u00edmpico de T\u00f3quio, na capital japonesa.<img decoding=\"async\" src=\"https:\/\/agenciabrasil.ebc.com.br\/ebc.png?id=1420590&amp;o=node\" \/><img decoding=\"async\" src=\"https:\/\/agenciabrasil.ebc.com.br\/ebc.gif?id=1420590&amp;o=node\" \/><\/p>\n<p>O p\u00f3dio tamb\u00e9m\u00a0teve a presen\u00e7a de outro compatriota de Thiago. O paulista Marco Aur\u00e9lio Borges fez o terceiro melhor arremesso, 14,85 metros, e levou,\u00a0aos 43 anos,\u00a0a primeira medalha de\u00a0bronze\u00a0em paralimp\u00edadas. J\u00e1 a prata ficou o chin\u00eas\u00a0Guoshan Wu\u00a0(15,0\u00a0metros).<\/p>\n<p>A medalha\u00a0de ouro\u00a0de\u00a0Paulino\u00a0foi a\u00a021\u00aa\u00a0do Brasil\u00a0e nona do atletismo brasileiro\u00a0em T\u00f3quio 2020, igualando o feito de Londres 2012.\u00a0Desta forma,\u00a0a atual edi\u00e7\u00e3o dos Jogos\u00a0se torna a melhor\u00a0campanha da hist\u00f3ria do Brasil em\u00a0paralimp\u00edadas.\u00a0Em Londres, os brasileiros conquistaram 21 ouros, 14 pratas e oito bronzes, j\u00e1 em T\u00f3quio levaram, at\u00e9 o momento, 21 ouros, 14 pratas e 26 bronzes.<\/p>\n<p>Thiago Paulino dos Santos \u00e9 natural de Orl\u00e2ndia, em S\u00e3o Paulo. O atleta de 35 anos amputou a perna esquerda abaixo do joelho em 2010\u00a0por causa\u00a0de\u00a0um acidente de moto. No ano seguinte, ele iniciou no atletismo a convite de um professor de\u00a0Educa\u00e7\u00e3o\u00a0F\u00edsica.<\/p>\n<p>O medalhista de bronze Marco Aur\u00e9lio Borges tamb\u00e9m precisou realizar uma amputa\u00e7\u00e3o, na perna direita, devido a um acidente de moto, em 1998. Sete anos depois, ele come\u00e7ou no atletismo paral\u00edmpico no arremesso de disco. Borges nasceu na capital S\u00e3o Paulo.<\/p>\n<p><span style=\"font-weight: 400;\"><br \/>\n<\/span><span style=\"font-weight: 400;\">Fonte: Ag\u00eancia Brasil <\/span><\/p>\n","protected":false},"excerpt":{"rendered":"<p>O paulista Thiago Paulino foi o melhor competidor na prova de arremesso de peso da classe F57 (cadeirante) e conquistou, nesta\u00a0sexta-feira (3), medalha de ouro na Paralimp\u00edada de T\u00f3quio. O Brasileiro, que tamb\u00e9m \u00e9 o atual campe\u00e3o mundial, cravou 15,10 metros no Est\u00e1dio Ol\u00edmpico de T\u00f3quio, na capital japonesa. O p\u00f3dio tamb\u00e9m\u00a0teve a presen\u00e7a de [&hellip;]<\/p>\n","protected":false},"author":246,"featured_media":187913,"comment_status":"closed","ping_status":"closed","sticky":false,"template":"","format":"standard","meta":{"footnotes":""},"categories":[436,257],"tags":[],"class_list":["post-187912","post","type-post","status-publish","format-standard","has-post-thumbnail","hentry","category-destaque-da-semana","category-esporte"],"_links":{"self":[{"href":"https:\/\/diarioregionaldigital.com.br\/index.php?rest_route=\/wp\/v2\/posts\/187912","targetHints":{"allow":["GET"]}}],"collection":[{"href":"https:\/\/diarioregionaldigital.com.br\/index.php?rest_route=\/wp\/v2\/posts"}],"about":[{"href":"https:\/\/diarioregionaldigital.com.br\/index.php?rest_route=\/wp\/v2\/types\/post"}],"author":[{"embeddable":true,"href":"https:\/\/diarioregionaldigital.com.br\/index.php?rest_route=\/wp\/v2\/users\/246"}],"replies":[{"embeddable":true,"href":"https:\/\/diarioregionaldigital.com.br\/index.php?rest_route=%2Fwp%2Fv2%2Fcomments&post=187912"}],"version-history":[{"count":1,"href":"https:\/\/diarioregionaldigital.com.br\/index.php?rest_route=\/wp\/v2\/posts\/187912\/revisions"}],"predecessor-version":[{"id":187914,"href":"https:\/\/diarioregionaldigital.com.br\/index.php?rest_route=\/wp\/v2\/posts\/187912\/revisions\/187914"}],"wp:featuredmedia":[{"embeddable":true,"href":"https:\/\/diarioregionaldigital.com.br\/index.php?rest_route=\/wp\/v2\/media\/187913"}],"wp:attachment":[{"href":"https:\/\/diarioregionaldigital.com.br\/index.php?rest_route=%2Fwp%2Fv2%2Fmedia&parent=187912"}],"wp:term":[{"taxonomy":"category","embeddable":true,"href":"https:\/\/diarioregionaldigital.com.br\/index.php?rest_route=%2Fwp%2Fv2%2Fcategories&post=187912"},{"taxonomy":"post_tag","embeddable":true,"href":"https:\/\/diarioregionaldigital.com.br\/index.php?rest_route=%2Fwp%2Fv2%2Ftags&post=187912"}],"curies":[{"name":"wp","href":"https:\/\/api.w.org\/{rel}","templated":true}]}}