{"id":187908,"date":"2021-09-03T19:32:22","date_gmt":"2021-09-03T22:32:22","guid":{"rendered":"https:\/\/diarioregionaldigital.com.br\/?p=187908"},"modified":"2021-09-03T19:32:22","modified_gmt":"2021-09-03T22:32:22","slug":"paris-2024-elogia-toquio-por-olimpiada-em-meio-a-pandemia","status":"publish","type":"post","link":"https:\/\/diarioregionaldigital.com.br\/?p=187908","title":{"rendered":"Paris 2024 elogia T\u00f3quio por Olimp\u00edada em meio \u00e0 pandemia"},"content":{"rendered":"<p>O presidente-executivo da Olimp\u00edada Paris 2024, \u00c9tienne Thobois, elogiou T\u00f3quio nesta sexta-feira (3) por sua &#8220;extraordin\u00e1ria&#8221; capacidade de realizar a Olimp\u00edada em meio \u00e0 pandemia de covid-19 e disse que Paris est\u00e1 pronta para assumir o comando enquanto se prepara para sediar os Jogos daqui a tr\u00eas anos.<img decoding=\"async\" src=\"https:\/\/agenciabrasil.ebc.com.br\/ebc.png?id=1420596&amp;o=node\" \/><img decoding=\"async\" src=\"https:\/\/agenciabrasil.ebc.com.br\/ebc.gif?id=1420596&amp;o=node\" \/><\/p>\n<p>Thobois disse \u00e0\u00a0<strong>Reuters<\/strong>\u00a0em uma entrevista que os organizadores da Paris 2024 estar\u00e3o o mais prontos poss\u00edvel para enfrentar quaisquer desafios que surjam para realizar um evento de sucesso.<\/p>\n<p>&#8220;Minha primeira rea\u00e7\u00e3o (sobre a realiza\u00e7\u00e3o dos Jogos durante a pandemia) \u00e9 que precisamos agradecer aos nossos amigos japoneses, ser capaz de realizar isso nesta situa\u00e7\u00e3o em particular \u00e9 incr\u00edvel, \u00e9 uma conquista extraordin\u00e1ria&#8221;, disse Thobois, que est\u00e1 visitando T\u00f3quio para a Paralimp\u00edada.<\/p>\n<p>&#8220;Eles tiveram que lidar com isso e fizeram um trabalho fant\u00e1stico. Obviamente, esperamos que daqui a tr\u00eas anos isso fique para tr\u00e1s, ou n\u00e3o com o mesmo n\u00edvel de preocupa\u00e7\u00f5es. Mas definitivamente aprendemos com isso&#8221;, disse ele.<\/p>\n<p>Os organizadores dos Jogos de T\u00f3quio, que j\u00e1 haviam adiado a Olimp\u00edada por um ano devido \u00e0 pandemia, tomaram a decis\u00e3o sem precedentes de realizar os Jogos sem p\u00fablico para ajudar a prevenir a dissemina\u00e7\u00e3o do v\u00edrus.<\/p>\n<p><span style=\"font-weight: 400;\">Fonte: Ag\u00eancia Brasil <\/span><\/p>\n","protected":false},"excerpt":{"rendered":"<p>O presidente-executivo da Olimp\u00edada Paris 2024, \u00c9tienne Thobois, elogiou T\u00f3quio nesta sexta-feira (3) por sua &#8220;extraordin\u00e1ria&#8221; capacidade de realizar a Olimp\u00edada em meio \u00e0 pandemia de covid-19 e disse que Paris est\u00e1 pronta para assumir o comando enquanto se prepara para sediar os Jogos daqui a tr\u00eas anos. Thobois disse \u00e0\u00a0Reuters\u00a0em uma entrevista que os [&hellip;]<\/p>\n","protected":false},"author":246,"featured_media":187909,"comment_status":"closed","ping_status":"closed","sticky":false,"template":"","format":"standard","meta":{"footnotes":""},"categories":[436,257],"tags":[],"class_list":["post-187908","post","type-post","status-publish","format-standard","has-post-thumbnail","hentry","category-destaque-da-semana","category-esporte"],"_links":{"self":[{"href":"https:\/\/diarioregionaldigital.com.br\/index.php?rest_route=\/wp\/v2\/posts\/187908","targetHints":{"allow":["GET"]}}],"collection":[{"href":"https:\/\/diarioregionaldigital.com.br\/index.php?rest_route=\/wp\/v2\/posts"}],"about":[{"href":"https:\/\/diarioregionaldigital.com.br\/index.php?rest_route=\/wp\/v2\/types\/post"}],"author":[{"embeddable":true,"href":"https:\/\/diarioregionaldigital.com.br\/index.php?rest_route=\/wp\/v2\/users\/246"}],"replies":[{"embeddable":true,"href":"https:\/\/diarioregionaldigital.com.br\/index.php?rest_route=%2Fwp%2Fv2%2Fcomments&post=187908"}],"version-history":[{"count":2,"href":"https:\/\/diarioregionaldigital.com.br\/index.php?rest_route=\/wp\/v2\/posts\/187908\/revisions"}],"predecessor-version":[{"id":187911,"href":"https:\/\/diarioregionaldigital.com.br\/index.php?rest_route=\/wp\/v2\/posts\/187908\/revisions\/187911"}],"wp:featuredmedia":[{"embeddable":true,"href":"https:\/\/diarioregionaldigital.com.br\/index.php?rest_route=\/wp\/v2\/media\/187909"}],"wp:attachment":[{"href":"https:\/\/diarioregionaldigital.com.br\/index.php?rest_route=%2Fwp%2Fv2%2Fmedia&parent=187908"}],"wp:term":[{"taxonomy":"category","embeddable":true,"href":"https:\/\/diarioregionaldigital.com.br\/index.php?rest_route=%2Fwp%2Fv2%2Fcategories&post=187908"},{"taxonomy":"post_tag","embeddable":true,"href":"https:\/\/diarioregionaldigital.com.br\/index.php?rest_route=%2Fwp%2Fv2%2Ftags&post=187908"}],"curies":[{"name":"wp","href":"https:\/\/api.w.org\/{rel}","templated":true}]}}