{"id":187901,"date":"2021-09-03T19:23:47","date_gmt":"2021-09-03T22:23:47","guid":{"rendered":"https:\/\/diarioregionaldigital.com.br\/?p=187901"},"modified":"2021-09-03T19:23:47","modified_gmt":"2021-09-03T22:23:47","slug":"eliminatorias-tite-convoca-zagueiro-leo-ortiz-e-atacante-artur","status":"publish","type":"post","link":"https:\/\/diarioregionaldigital.com.br\/?p=187901","title":{"rendered":"Eliminat\u00f3rias: Tite convoca zagueiro L\u00e9o Ortiz e atacante Artur"},"content":{"rendered":"<p>O t\u00e9cnico Tite convocou nesta sexta-feira (3) dois novos jogadores para se juntarem ao grupo que disputa as duas pr\u00f3ximas partidas das Eliminat\u00f3rias para a Copa do Mundo. O atacante Artur e o zagueiro L\u00e9o Ortiz, ambos do Bragantino, se apresentaram \u00e0 sele\u00e7\u00e3o em S\u00e3o Paulo, onde o Brasil enfrenta a Argentina no pr\u00f3ximo domingo (5), a partir das 16h (hor\u00e1rio de Bras\u00edlia).<img decoding=\"async\" src=\"https:\/\/agenciabrasil.ebc.com.br\/ebc.png?id=1420652&amp;o=node\" \/><img decoding=\"async\" src=\"https:\/\/agenciabrasil.ebc.com.br\/ebc.gif?id=1420652&amp;o=node\" \/><\/p>\n<p>Esta \u00e9 a primeira convoca\u00e7\u00e3o de Artur para a sele\u00e7\u00e3o principal, que j\u00e1 havia atuado pelas equipes sub-20 e ol\u00edmpica. J\u00e1 L\u00e9o Ortiz disputou a \u00faltima Copa Am\u00e9rica, e foi convocado por causa da suspens\u00e3o do zagueiro Marquinhos, que est\u00e1 suspenso do confronto contra os argentinos ap\u00f3s ser suspenso por ac\u00famulo de cart\u00f5es amarelos.<\/p>\n<p>Al\u00e9m do confronto com a Argentina, a sele\u00e7\u00e3o brasileira enfrenta o Peru na pr\u00f3xima quinta-feira (9), na Arena Pernambuco, em Recife. Na \u00faltima quinta-feira (2), a equipe comandada por Tite venceu o Chile por 1 a 0.<\/p>\n<p><span style=\"font-weight: 400;\">Fonte: Ag\u00eancia Brasil <\/span><\/p>\n","protected":false},"excerpt":{"rendered":"<p>O t\u00e9cnico Tite convocou nesta sexta-feira (3) dois novos jogadores para se juntarem ao grupo que disputa as duas pr\u00f3ximas partidas das Eliminat\u00f3rias para a Copa do Mundo. O atacante Artur e o zagueiro L\u00e9o Ortiz, ambos do Bragantino, se apresentaram \u00e0 sele\u00e7\u00e3o em S\u00e3o Paulo, onde o Brasil enfrenta a Argentina no pr\u00f3ximo domingo [&hellip;]<\/p>\n","protected":false},"author":246,"featured_media":187902,"comment_status":"closed","ping_status":"closed","sticky":false,"template":"","format":"standard","meta":{"footnotes":""},"categories":[436,257],"tags":[],"class_list":["post-187901","post","type-post","status-publish","format-standard","has-post-thumbnail","hentry","category-destaque-da-semana","category-esporte"],"_links":{"self":[{"href":"https:\/\/diarioregionaldigital.com.br\/index.php?rest_route=\/wp\/v2\/posts\/187901","targetHints":{"allow":["GET"]}}],"collection":[{"href":"https:\/\/diarioregionaldigital.com.br\/index.php?rest_route=\/wp\/v2\/posts"}],"about":[{"href":"https:\/\/diarioregionaldigital.com.br\/index.php?rest_route=\/wp\/v2\/types\/post"}],"author":[{"embeddable":true,"href":"https:\/\/diarioregionaldigital.com.br\/index.php?rest_route=\/wp\/v2\/users\/246"}],"replies":[{"embeddable":true,"href":"https:\/\/diarioregionaldigital.com.br\/index.php?rest_route=%2Fwp%2Fv2%2Fcomments&post=187901"}],"version-history":[{"count":1,"href":"https:\/\/diarioregionaldigital.com.br\/index.php?rest_route=\/wp\/v2\/posts\/187901\/revisions"}],"predecessor-version":[{"id":187903,"href":"https:\/\/diarioregionaldigital.com.br\/index.php?rest_route=\/wp\/v2\/posts\/187901\/revisions\/187903"}],"wp:featuredmedia":[{"embeddable":true,"href":"https:\/\/diarioregionaldigital.com.br\/index.php?rest_route=\/wp\/v2\/media\/187902"}],"wp:attachment":[{"href":"https:\/\/diarioregionaldigital.com.br\/index.php?rest_route=%2Fwp%2Fv2%2Fmedia&parent=187901"}],"wp:term":[{"taxonomy":"category","embeddable":true,"href":"https:\/\/diarioregionaldigital.com.br\/index.php?rest_route=%2Fwp%2Fv2%2Fcategories&post=187901"},{"taxonomy":"post_tag","embeddable":true,"href":"https:\/\/diarioregionaldigital.com.br\/index.php?rest_route=%2Fwp%2Fv2%2Ftags&post=187901"}],"curies":[{"name":"wp","href":"https:\/\/api.w.org\/{rel}","templated":true}]}}