{"id":187898,"date":"2021-09-03T19:17:51","date_gmt":"2021-09-03T22:17:51","guid":{"rendered":"https:\/\/diarioregionaldigital.com.br\/?p=187898"},"modified":"2021-09-03T19:17:51","modified_gmt":"2021-09-03T22:17:51","slug":"senado-aprova-dispensa-de-licitacao-para-insumos-contra-covid-19","status":"publish","type":"post","link":"https:\/\/diarioregionaldigital.com.br\/?p=187898","title":{"rendered":"Senado aprova dispensa de licita\u00e7\u00e3o para insumos contra covid-19"},"content":{"rendered":"<p>O Senado aprovou nesta\u00a0quinta-feira (2) em uma vota\u00e7\u00e3o apertada, por 36 a 35 votos, medida provis\u00f3ria que autoriza a aquisi\u00e7\u00e3o de bens e servi\u00e7os relacionados ao enfrentamento da pandemia de covid-19 sejam feitas com dispensa de licita\u00e7\u00e3o. A mat\u00e9ria segue para san\u00e7\u00e3o presidencial.<img decoding=\"async\" src=\"https:\/\/agenciabrasil.ebc.com.br\/ebc.png?id=1420482&amp;o=node\" \/><img decoding=\"async\" src=\"https:\/\/agenciabrasil.ebc.com.br\/ebc.gif?id=1420482&amp;o=node\" \/><\/p>\n<p>Entre os bens inclu\u00eddos nas regras simplificadas est\u00e3o vacinas, medicamentos, material hospitalar e servi\u00e7os de engenharia nos hospitais. De acordo com a MP 1.047, bens usados podem ser adquiridos sem necessidade de licita\u00e7\u00e3o, desde que o fornecedor se responsabilize pelas condi\u00e7\u00f5es de uso e funcionamento. A mat\u00e9ria permite ainda a realiza\u00e7\u00e3o de licita\u00e7\u00f5es na modalidade preg\u00e3o eletr\u00f4nico ou presencial com prazos reduzidos.<\/p>\n<p>O texto prev\u00ea que o gestor p\u00fablico justifique tecnicamente a compra e o pre\u00e7o contratado, divulgando as compras na internet imediatamente e em separado das outras contrata\u00e7\u00f5es. A proposta permite a dispensa de licita\u00e7\u00e3o tamb\u00e9m para as organiza\u00e7\u00f5es sociais (OSC) e organiza\u00e7\u00f5es sociais de interesse p\u00fablico (Oscip), que mant\u00eam contratos de gest\u00e3o para administrar servi\u00e7os p\u00fablicos. Essas medidas poder\u00e3o ser adotadas enquanto vigorar a emerg\u00eancia.<\/p>\n<p>A maioria das medidas j\u00e1 havia sido aprovada pelo Congresso no ano passado, mas perderam a vig\u00eancia em\u00a031 de dezembro\u00a0de 2020 j\u00e1 que estavam condicionadas ao decreto que reconheceu o estado de calamidade p\u00fablica provocado pela covid-19. A mat\u00e9ria aprovada pelos parlamentares nesta\u00a0quinta\u00a0ter\u00e1 vig\u00eancia enquanto perdurar a Emerg\u00eancia em Sa\u00fade P\u00fablica de Import\u00e2ncia Nacional.<\/p>\n<p><strong>Antecipa\u00e7\u00e3o<\/strong><\/p>\n<p>O projeto aprovado permite ao gestor realizar pagamentos antecipados se isso representar condi\u00e7\u00e3o indispens\u00e1vel para obter o bem ou assegurar a presta\u00e7\u00e3o do servi\u00e7o ou ainda se significar grande economia de recursos.<\/p>\n<p>Caso o produto n\u00e3o seja entregue ou o servi\u00e7o n\u00e3o seja realizado, a administra\u00e7\u00e3o p\u00fablica dever\u00e1 exigir a devolu\u00e7\u00e3o integral do valor antecipado, atualizado monetariamente pelo \u00cdndice Nacional de Pre\u00e7os ao Consumidor Amplo (IPCA). A mat\u00e9ria pro\u00edbe o pagamento antecipado na contrata\u00e7\u00e3o de presta\u00e7\u00e3o de servi\u00e7os com regime de dedica\u00e7\u00e3o exclusiva de m\u00e3o de obra.<\/p>\n<p><span style=\"font-weight: 400;\">Fonte: Ag\u00eancia Brasil <\/span><\/p>\n","protected":false},"excerpt":{"rendered":"<p>O Senado aprovou nesta\u00a0quinta-feira (2) em uma vota\u00e7\u00e3o apertada, por 36 a 35 votos, medida provis\u00f3ria que autoriza a aquisi\u00e7\u00e3o de bens e servi\u00e7os relacionados ao enfrentamento da pandemia de covid-19 sejam feitas com dispensa de licita\u00e7\u00e3o. A mat\u00e9ria segue para san\u00e7\u00e3o presidencial. Entre os bens inclu\u00eddos nas regras simplificadas est\u00e3o vacinas, medicamentos, material hospitalar [&hellip;]<\/p>\n","protected":false},"author":246,"featured_media":187899,"comment_status":"closed","ping_status":"closed","sticky":false,"template":"","format":"standard","meta":{"footnotes":""},"categories":[436,254],"tags":[],"class_list":["post-187898","post","type-post","status-publish","format-standard","has-post-thumbnail","hentry","category-destaque-da-semana","category-politica"],"_links":{"self":[{"href":"https:\/\/diarioregionaldigital.com.br\/index.php?rest_route=\/wp\/v2\/posts\/187898","targetHints":{"allow":["GET"]}}],"collection":[{"href":"https:\/\/diarioregionaldigital.com.br\/index.php?rest_route=\/wp\/v2\/posts"}],"about":[{"href":"https:\/\/diarioregionaldigital.com.br\/index.php?rest_route=\/wp\/v2\/types\/post"}],"author":[{"embeddable":true,"href":"https:\/\/diarioregionaldigital.com.br\/index.php?rest_route=\/wp\/v2\/users\/246"}],"replies":[{"embeddable":true,"href":"https:\/\/diarioregionaldigital.com.br\/index.php?rest_route=%2Fwp%2Fv2%2Fcomments&post=187898"}],"version-history":[{"count":1,"href":"https:\/\/diarioregionaldigital.com.br\/index.php?rest_route=\/wp\/v2\/posts\/187898\/revisions"}],"predecessor-version":[{"id":187900,"href":"https:\/\/diarioregionaldigital.com.br\/index.php?rest_route=\/wp\/v2\/posts\/187898\/revisions\/187900"}],"wp:featuredmedia":[{"embeddable":true,"href":"https:\/\/diarioregionaldigital.com.br\/index.php?rest_route=\/wp\/v2\/media\/187899"}],"wp:attachment":[{"href":"https:\/\/diarioregionaldigital.com.br\/index.php?rest_route=%2Fwp%2Fv2%2Fmedia&parent=187898"}],"wp:term":[{"taxonomy":"category","embeddable":true,"href":"https:\/\/diarioregionaldigital.com.br\/index.php?rest_route=%2Fwp%2Fv2%2Fcategories&post=187898"},{"taxonomy":"post_tag","embeddable":true,"href":"https:\/\/diarioregionaldigital.com.br\/index.php?rest_route=%2Fwp%2Fv2%2Ftags&post=187898"}],"curies":[{"name":"wp","href":"https:\/\/api.w.org\/{rel}","templated":true}]}}