{"id":187894,"date":"2021-09-03T19:12:47","date_gmt":"2021-09-03T22:12:47","guid":{"rendered":"https:\/\/diarioregionaldigital.com.br\/?p=187894"},"modified":"2021-09-03T19:12:47","modified_gmt":"2021-09-03T22:12:47","slug":"mp-estabelece-prazo-para-atualizacao-de-coberturas-dos-planos-de-saude","status":"publish","type":"post","link":"https:\/\/diarioregionaldigital.com.br\/?p=187894","title":{"rendered":"MP estabelece prazo para atualiza\u00e7\u00e3o de coberturas dos planos de sa\u00fade"},"content":{"rendered":"<p>O presidente Jair Bolsonaro editou uma medida provis\u00f3ria (MP) que altera a lei dos planos de sa\u00fade (<a href=\"http:\/\/www.planalto.gov.br\/ccivil_03\/leis\/l9656.htm\" target=\"_blank\" rel=\"noopener\">Lei\u00a09.656\/98<\/a>) para estabelecer prazo m\u00e1ximo na an\u00e1lise de novos procedimentos e tratamentos que poder\u00e3o ser inclu\u00eddos no rol de cobertura dos planos.\u00a0<img decoding=\"async\" src=\"https:\/\/agenciabrasil.ebc.com.br\/ebc.png?id=1420483&amp;o=node\" \/><img decoding=\"async\" src=\"https:\/\/agenciabrasil.ebc.com.br\/ebc.gif?id=1420483&amp;o=node\" \/><\/p>\n<p>&#8220;O objetivo \u00e9 trazer mais celeridade ao processo de incorpora\u00e7\u00e3o de novos tratamentos aos planos de sa\u00fade, aplicando-se par\u00e2metros semelhantes aos adotados pela Comiss\u00e3o Nacional de Incorpora\u00e7\u00e3o de Tecnologias no Sistema \u00danico de Sa\u00fade (Conitec), j\u00e1 consolidados no pa\u00eds&#8221;, informou a Secretaria-Geral da Presid\u00eancia, em nota.<\/p>\n<p>Segundo a pasta, a MP prev\u00ea que o processo de atualiza\u00e7\u00e3o do rol dos procedimentos e eventos em sa\u00fade por parte da\u00a0Ag\u00eancia Nacional de Sa\u00fade Suplementar (ANS), por meio do qual novos tratamentos s\u00e3o inclu\u00eddos nas coberturas obrigat\u00f3rias, dever\u00e1 ser conclu\u00eddo no prazo de 120 dias, podendo ser prorrogado por mais 60 dias corridos. Caso a ANS n\u00e3o se manifeste de forma conclusiva dentro desse prazo, o medicamento, produto para a sa\u00fade ou procedimento ser\u00e1 automaticamente inclu\u00eddo na lista de cobertura at\u00e9 que ag\u00eancia tome uma decis\u00e3o.<\/p>\n<p>Segundo o Minist\u00e9rio da Sa\u00fade, atualmente o rol de procedimentos e eventos em sa\u00fade \u00e9 atualizado a cada seis meses pela ANS, conforme resolu\u00e7\u00e3o normativa da ag\u00eancia, mas n\u00e3o h\u00e1 prazo fixado para a conclus\u00e3o do processo.<\/p>\n<p>&#8220;A medida garante a pacientes a continuidade do tratamento iniciado mesmo se a decis\u00e3o for desfavor\u00e1vel \u00e0 inclus\u00e3o. Al\u00e9m disso, est\u00e3o previstas ainda a realiza\u00e7\u00e3o de consulta p\u00fablica e audi\u00eancia p\u00fablica, se a mat\u00e9ria for considerada relevante&#8221;, acrescentou a pasta.<\/p>\n<p>O texto da medida provis\u00f3ria tamb\u00e9m determina, segundo o governo, que tratamentos recomendados pela Conitec que passar\u00e3o a integrar o rol de procedimentos e eventos em sa\u00fade suplementar sejam analisados no prazo de at\u00e9 30 dias.<\/p>\n<p>O texto prev\u00ea ainda a cria\u00e7\u00e3o da Comiss\u00e3o de Atualiza\u00e7\u00e3o do Rol de Procedimentos e Eventos em Sa\u00fade Suplementar, que dever\u00e1 assessorar a ANS na avalia\u00e7\u00e3o da amplitude das coberturas no \u00e2mbito da sa\u00fade suplementar, inclusive de transplantes, de procedimentos de alta complexidade e dos tratamentos antineopl\u00e1sicos (contra o c\u00e2ncer) domiciliares de uso oral. A comiss\u00e3o dever\u00e1 apresentar relat\u00f3rio \u00e0 ANS considerando evid\u00eancias cient\u00edficas sobre a efic\u00e1cia e efetividade do medicamento ou tratamento, al\u00e9m de avalia\u00e7\u00e3o econ\u00f4mica comparativa dos benef\u00edcios e dos custos em rela\u00e7\u00e3o a outras coberturas previstas nos planos.<\/p>\n<p>A edi\u00e7\u00e3o da MP ocorre pouco mais de um m\u00eas depois do presidente\u00a0<a href=\"https:\/\/agenciabrasil.ebc.com.br\/politica\/noticia\/2021-07\/presidencia-veta-projeto-que-obriga-cobertura-de-tratamento-de-cancer\" target=\"_blank\" rel=\"noopener\">vetar\u00a0o projeto de lei<\/a>\u00a0que tornava obrigat\u00f3ria a cobertura pelos planos privados de sa\u00fade de tratamentos domiciliares de uso oral contra o c\u00e2ncer, inclusive de medicamentos para o controle de efeitos adversos relacionados ao tratamento.<\/p>\n<p><span style=\"font-weight: 400;\"><br \/>\n<\/span><span style=\"font-weight: 400;\">Fonte: Ag\u00eancia Brasil <\/span><\/p>\n","protected":false},"excerpt":{"rendered":"<p>O presidente Jair Bolsonaro editou uma medida provis\u00f3ria (MP) que altera a lei dos planos de sa\u00fade (Lei\u00a09.656\/98) para estabelecer prazo m\u00e1ximo na an\u00e1lise de novos procedimentos e tratamentos que poder\u00e3o ser inclu\u00eddos no rol de cobertura dos planos.\u00a0 &#8220;O objetivo \u00e9 trazer mais celeridade ao processo de incorpora\u00e7\u00e3o de novos tratamentos aos planos de [&hellip;]<\/p>\n","protected":false},"author":246,"featured_media":187896,"comment_status":"closed","ping_status":"closed","sticky":false,"template":"","format":"standard","meta":{"footnotes":""},"categories":[436,254],"tags":[],"class_list":["post-187894","post","type-post","status-publish","format-standard","has-post-thumbnail","hentry","category-destaque-da-semana","category-politica"],"_links":{"self":[{"href":"https:\/\/diarioregionaldigital.com.br\/index.php?rest_route=\/wp\/v2\/posts\/187894","targetHints":{"allow":["GET"]}}],"collection":[{"href":"https:\/\/diarioregionaldigital.com.br\/index.php?rest_route=\/wp\/v2\/posts"}],"about":[{"href":"https:\/\/diarioregionaldigital.com.br\/index.php?rest_route=\/wp\/v2\/types\/post"}],"author":[{"embeddable":true,"href":"https:\/\/diarioregionaldigital.com.br\/index.php?rest_route=\/wp\/v2\/users\/246"}],"replies":[{"embeddable":true,"href":"https:\/\/diarioregionaldigital.com.br\/index.php?rest_route=%2Fwp%2Fv2%2Fcomments&post=187894"}],"version-history":[{"count":1,"href":"https:\/\/diarioregionaldigital.com.br\/index.php?rest_route=\/wp\/v2\/posts\/187894\/revisions"}],"predecessor-version":[{"id":187897,"href":"https:\/\/diarioregionaldigital.com.br\/index.php?rest_route=\/wp\/v2\/posts\/187894\/revisions\/187897"}],"wp:featuredmedia":[{"embeddable":true,"href":"https:\/\/diarioregionaldigital.com.br\/index.php?rest_route=\/wp\/v2\/media\/187896"}],"wp:attachment":[{"href":"https:\/\/diarioregionaldigital.com.br\/index.php?rest_route=%2Fwp%2Fv2%2Fmedia&parent=187894"}],"wp:term":[{"taxonomy":"category","embeddable":true,"href":"https:\/\/diarioregionaldigital.com.br\/index.php?rest_route=%2Fwp%2Fv2%2Fcategories&post=187894"},{"taxonomy":"post_tag","embeddable":true,"href":"https:\/\/diarioregionaldigital.com.br\/index.php?rest_route=%2Fwp%2Fv2%2Ftags&post=187894"}],"curies":[{"name":"wp","href":"https:\/\/api.w.org\/{rel}","templated":true}]}}