{"id":187882,"date":"2021-09-03T18:57:19","date_gmt":"2021-09-03T21:57:19","guid":{"rendered":"https:\/\/diarioregionaldigital.com.br\/?p=187882"},"modified":"2021-09-03T18:57:19","modified_gmt":"2021-09-03T21:57:19","slug":"bb-confirma-que-nao-saira-da-febraban-apos-negociacoes","status":"publish","type":"post","link":"https:\/\/diarioregionaldigital.com.br\/?p=187882","title":{"rendered":"BB confirma que n\u00e3o sair\u00e1 da Febraban ap\u00f3s negocia\u00e7\u00f5es"},"content":{"rendered":"<p>Depois de quase uma semana de impasse, o Banco do Brasil (BB) confirmou que n\u00e3o pretende sair da Federa\u00e7\u00e3o Brasileira de Bancos (Febraban). Em nota, a institui\u00e7\u00e3o financeira informou que, ap\u00f3s negocia\u00e7\u00f5es, o BB reafirmou o respeito pelos outros bancos e pela hist\u00f3ria constru\u00edda pela federa\u00e7\u00e3o em mais de 50 anos de exist\u00eancia.<img decoding=\"async\" src=\"https:\/\/agenciabrasil.ebc.com.br\/ebc.png?id=1420633&amp;o=node\" \/><img decoding=\"async\" src=\"https:\/\/agenciabrasil.ebc.com.br\/ebc.gif?id=1420633&amp;o=node\" \/><\/p>\n<p>\u201cChegamos a um entendimento que \u00e9 fruto de discuss\u00f5es respeitosas entre as partes e que n\u00e3o inibe a livre express\u00e3o de qualquer membro da federa\u00e7\u00e3o. O comunicado da Febraban, por um lado, reafirmou sua convic\u00e7\u00e3o pelo conte\u00fado pac\u00edfico e equilibrado do manifesto e, por outro, acena ao BB e \u00e0 CEF [Caixa Econ\u00f4mica Federal] quando registra a desvincula\u00e7\u00e3o do movimento liderado pela Fiesp, contribuindo para a solu\u00e7\u00e3o do impasse\u201d, informou o presidente do BB, Fausto Ribeiro, no comunicado.<\/p>\n<p>No \u00faltimo fim de semana, o Banco do Brasil e a Caixa Econ\u00f4mica Federal haviam amea\u00e7ado se desassociar da Febraban, ap\u00f3s o an\u00fancio de que a entidade pretendia publicar em conjunto com a Federa\u00e7\u00e3o das Ind\u00fastrias do Estado de S\u00e3o Paulo (Fiesp) um manifesto em defesa da democracia e da harmonia entre os Poderes. O documento n\u00e3o chegou a ser publicado ap\u00f3s a decis\u00e3o da Fiesp de adiar a divulga\u00e7\u00e3o para depois do feriado de Sete de Setembro.<\/p>\n<p>Tanto o Banco do Brasil como a Caixa s\u00e3o fundadores da Febraban. No texto, o BB informou acreditar que o epis\u00f3dio contribuir\u00e1 para refor\u00e7ar mecanismos internos da Febraban que favore\u00e7am o di\u00e1logo e reforcem o papel da entidade como agente para o desenvolvimento do pa\u00eds. A Caixa ainda n\u00e3o emitiu nota sobre o assunto.<\/p>\n<p><span style=\"font-weight: 400;\"><br \/>\n<\/span><span style=\"font-weight: 400;\">Fonte: Ag\u00eancia Brasil <\/span><\/p>\n","protected":false},"excerpt":{"rendered":"<p>Depois de quase uma semana de impasse, o Banco do Brasil (BB) confirmou que n\u00e3o pretende sair da Federa\u00e7\u00e3o Brasileira de Bancos (Febraban). Em nota, a institui\u00e7\u00e3o financeira informou que, ap\u00f3s negocia\u00e7\u00f5es, o BB reafirmou o respeito pelos outros bancos e pela hist\u00f3ria constru\u00edda pela federa\u00e7\u00e3o em mais de 50 anos de exist\u00eancia. \u201cChegamos a [&hellip;]<\/p>\n","protected":false},"author":246,"featured_media":187883,"comment_status":"closed","ping_status":"closed","sticky":false,"template":"","format":"standard","meta":{"footnotes":""},"categories":[436,261],"tags":[],"class_list":["post-187882","post","type-post","status-publish","format-standard","has-post-thumbnail","hentry","category-destaque-da-semana","category-economia"],"_links":{"self":[{"href":"https:\/\/diarioregionaldigital.com.br\/index.php?rest_route=\/wp\/v2\/posts\/187882","targetHints":{"allow":["GET"]}}],"collection":[{"href":"https:\/\/diarioregionaldigital.com.br\/index.php?rest_route=\/wp\/v2\/posts"}],"about":[{"href":"https:\/\/diarioregionaldigital.com.br\/index.php?rest_route=\/wp\/v2\/types\/post"}],"author":[{"embeddable":true,"href":"https:\/\/diarioregionaldigital.com.br\/index.php?rest_route=\/wp\/v2\/users\/246"}],"replies":[{"embeddable":true,"href":"https:\/\/diarioregionaldigital.com.br\/index.php?rest_route=%2Fwp%2Fv2%2Fcomments&post=187882"}],"version-history":[{"count":1,"href":"https:\/\/diarioregionaldigital.com.br\/index.php?rest_route=\/wp\/v2\/posts\/187882\/revisions"}],"predecessor-version":[{"id":187884,"href":"https:\/\/diarioregionaldigital.com.br\/index.php?rest_route=\/wp\/v2\/posts\/187882\/revisions\/187884"}],"wp:featuredmedia":[{"embeddable":true,"href":"https:\/\/diarioregionaldigital.com.br\/index.php?rest_route=\/wp\/v2\/media\/187883"}],"wp:attachment":[{"href":"https:\/\/diarioregionaldigital.com.br\/index.php?rest_route=%2Fwp%2Fv2%2Fmedia&parent=187882"}],"wp:term":[{"taxonomy":"category","embeddable":true,"href":"https:\/\/diarioregionaldigital.com.br\/index.php?rest_route=%2Fwp%2Fv2%2Fcategories&post=187882"},{"taxonomy":"post_tag","embeddable":true,"href":"https:\/\/diarioregionaldigital.com.br\/index.php?rest_route=%2Fwp%2Fv2%2Ftags&post=187882"}],"curies":[{"name":"wp","href":"https:\/\/api.w.org\/{rel}","templated":true}]}}