{"id":187872,"date":"2021-09-03T14:41:10","date_gmt":"2021-09-03T17:41:10","guid":{"rendered":"https:\/\/diarioregionaldigital.com.br\/?p=187872"},"modified":"2021-09-03T14:41:10","modified_gmt":"2021-09-03T17:41:10","slug":"policia-militar-apreende-menor-infrator-por-ato-infracional-analogo-a-homicidio-tentado-no-bairro-mariano-procopio","status":"publish","type":"post","link":"https:\/\/diarioregionaldigital.com.br\/?p=187872","title":{"rendered":"Pol\u00edcia Militar apreende menor infrator por ato infracional an\u00e1logo a homic\u00eddio tentado no bairro Mariano Proc\u00f3pio"},"content":{"rendered":"<p>Na manh\u00e3 de quinta-feira, 02set21 por volta das 08h01min, a Pol\u00edcia Militar foi acionada a comparecer na Rua Mariano Proc\u00f3pio no bairro de mesmo nome, para atendimento a um homem de 24 anos, v\u00edtima de disparo de arma de fogo. No local a v\u00edtima narrou que estava em uma barraca de lona, fazendo uso de drogas, quando os adolescentes infratores (15 e 17 anos), que estavam no interior de um ve\u00edculo de cor preta, passaram pelo local e efetuaram v\u00e1rios disparos de arma de fogo. A v\u00edtima que foi atingida na testa, foi para sua casa, pr\u00f3ximo ao local dos fatos, onde acionou o SAMU por conta pr\u00f3pria. A Pol\u00edcia Militar iniciou rastreamento na tentativa de localizar os envolvidos e recebendo den\u00fancias, diligenciou at\u00e9 o bairro Bom Jardim, local de prov\u00e1vel homic\u00eddio. Ao perceberem a presen\u00e7a policial, os menores tentaram dispensar a arma de fogo, arremessando a mesma para fora da resid\u00eancia e fugiram em seguida. O adolescente de 15 anos foi localizado e apreendido, tendo o segundo envolvido conseguido fugir. Segundo relatos do menor apreendido, o ve\u00edculo usado foi um carro de aplicativo, solicitado por eles. A motiva\u00e7\u00e3o alegada seria desaven\u00e7as pret\u00e9ritas. A v\u00edtima, mesmo atingida na testa, foi atendida pelo m\u00e9dico, submetida a procedimento para a retirada do proj\u00e9til e liberada em seguida. Durante a a\u00e7\u00e3o policial, al\u00e9m da arma de fogo usada, um rev\u00f3lver calibre .38 marca Rossi, ainda foram localizados e apreendidos os seguintes materiais: 02 placas de coletes bal\u00edsticas, 01 capa de colete bal\u00edstico, 04 cartuchos vazios, 01 telefone celular e 0i bon\u00e9 e 01 camiseta. A Pol\u00edcia Militar segue rastreamento para a localiza\u00e7\u00e3o do segundo menor infrator envolvido.<\/p>\n","protected":false},"excerpt":{"rendered":"<p>Na manh\u00e3 de quinta-feira, 02set21 por volta das 08h01min, a Pol\u00edcia Militar foi acionada a comparecer na Rua Mariano Proc\u00f3pio no bairro de mesmo nome, para atendimento a um homem de 24 anos, v\u00edtima de disparo de arma de fogo. No local a v\u00edtima narrou que estava em uma barraca de lona, fazendo uso de [&hellip;]<\/p>\n","protected":false},"author":246,"featured_media":187873,"comment_status":"closed","ping_status":"closed","sticky":false,"template":"","format":"standard","meta":{"footnotes":""},"categories":[301],"tags":[],"class_list":["post-187872","post","type-post","status-publish","format-standard","has-post-thumbnail","hentry","category-artigos-policiais"],"_links":{"self":[{"href":"https:\/\/diarioregionaldigital.com.br\/index.php?rest_route=\/wp\/v2\/posts\/187872","targetHints":{"allow":["GET"]}}],"collection":[{"href":"https:\/\/diarioregionaldigital.com.br\/index.php?rest_route=\/wp\/v2\/posts"}],"about":[{"href":"https:\/\/diarioregionaldigital.com.br\/index.php?rest_route=\/wp\/v2\/types\/post"}],"author":[{"embeddable":true,"href":"https:\/\/diarioregionaldigital.com.br\/index.php?rest_route=\/wp\/v2\/users\/246"}],"replies":[{"embeddable":true,"href":"https:\/\/diarioregionaldigital.com.br\/index.php?rest_route=%2Fwp%2Fv2%2Fcomments&post=187872"}],"version-history":[{"count":1,"href":"https:\/\/diarioregionaldigital.com.br\/index.php?rest_route=\/wp\/v2\/posts\/187872\/revisions"}],"predecessor-version":[{"id":187874,"href":"https:\/\/diarioregionaldigital.com.br\/index.php?rest_route=\/wp\/v2\/posts\/187872\/revisions\/187874"}],"wp:featuredmedia":[{"embeddable":true,"href":"https:\/\/diarioregionaldigital.com.br\/index.php?rest_route=\/wp\/v2\/media\/187873"}],"wp:attachment":[{"href":"https:\/\/diarioregionaldigital.com.br\/index.php?rest_route=%2Fwp%2Fv2%2Fmedia&parent=187872"}],"wp:term":[{"taxonomy":"category","embeddable":true,"href":"https:\/\/diarioregionaldigital.com.br\/index.php?rest_route=%2Fwp%2Fv2%2Fcategories&post=187872"},{"taxonomy":"post_tag","embeddable":true,"href":"https:\/\/diarioregionaldigital.com.br\/index.php?rest_route=%2Fwp%2Fv2%2Ftags&post=187872"}],"curies":[{"name":"wp","href":"https:\/\/api.w.org\/{rel}","templated":true}]}}