{"id":187863,"date":"2021-09-02T16:37:50","date_gmt":"2021-09-02T19:37:50","guid":{"rendered":"https:\/\/diarioregionaldigital.com.br\/?p=187863"},"modified":"2021-09-02T16:37:50","modified_gmt":"2021-09-02T19:37:50","slug":"pcmg-deflagra-operacao-de-combate-ao-trafico-em-juiz-de-fora-e-prende-tres-suspeitos","status":"publish","type":"post","link":"https:\/\/diarioregionaldigital.com.br\/?p=187863","title":{"rendered":"PCMG deflagra opera\u00e7\u00e3o de combate ao tr\u00e1fico em Juiz de Fora e prende tr\u00eas suspeitos"},"content":{"rendered":"<p>A Pol\u00edcia Civil de Minas Gerais realizou, nesta quarta-feira (01\/9), uma opera\u00e7\u00e3o policial de combate ao tr\u00e1fico de drogas, nas regi\u00f5es leste e sudeste do munic\u00edpio de Juiz de Fora, na Zona da Mata mineira. A manobra resultou na pris\u00e3o de tr\u00eas suspeitos &#8211; entre eles, um homem e duas mulheres, de 22, 27 e 39 anos \u2013 pela pr\u00e1tica do crime de tr\u00e1fico. Al\u00e9m disso, foram apreendidos R$2 mil, celulares, por\u00e7\u00e3o de maconha, uma pedra bruta de crack, uma por\u00e7\u00e3o de coca\u00edna e outros materiais.<\/p>\n<p>Conforme informa\u00e7\u00f5es da assessoria, a primeira a\u00e7\u00e3o ocorreu em uma resid\u00eancia no bairro Vila Ideal, onde foram apreendidos o dinheiro, o material para embalar entorpecentes e uma por\u00e7\u00e3o grande de coca\u00edna. \u201cAp\u00f3s o recebimento de dez den\u00fancias an\u00f4nimas, representamos junto ao Poder Judici\u00e1rio da comarca por mandado de busca e apreens\u00e3o e obtivemos \u00eaxito na pris\u00e3o do casal e na localiza\u00e7\u00e3o das drogas e de grande quantidade de dinheiro trocado sem comprova\u00e7\u00e3o da origem\u201d, explica o titular da Delegacia Especializada de Combate ao Narcotr\u00e1fico, delegado Rafael Gomes.<\/p>\n<p>Posteriormente, os policiais civis se deslocaram at\u00e9 o bairro Santa C\u00e2ndida e apreenderam uma por\u00e7\u00e3o de maconha, material para embalar droga e uma pedra bruta de crack, que seria fracionada em diversas outras. \u201cNo local, realizamos a pris\u00e3o de uma mulher\u201d, informa.<\/p>\n<p>Os suspeitos foram encaminhados ao sistema prisional, permanecendo \u00e0 disposi\u00e7\u00e3o da Justi\u00e7a.<\/p>\n","protected":false},"excerpt":{"rendered":"<p>A Pol\u00edcia Civil de Minas Gerais realizou, nesta quarta-feira (01\/9), uma opera\u00e7\u00e3o policial de combate ao tr\u00e1fico de drogas, nas regi\u00f5es leste e sudeste do munic\u00edpio de Juiz de Fora, na Zona da Mata mineira. A manobra resultou na pris\u00e3o de tr\u00eas suspeitos &#8211; entre eles, um homem e duas mulheres, de 22, 27 e [&hellip;]<\/p>\n","protected":false},"author":246,"featured_media":187864,"comment_status":"closed","ping_status":"closed","sticky":false,"template":"","format":"standard","meta":{"footnotes":""},"categories":[301],"tags":[],"class_list":["post-187863","post","type-post","status-publish","format-standard","has-post-thumbnail","hentry","category-artigos-policiais"],"_links":{"self":[{"href":"https:\/\/diarioregionaldigital.com.br\/index.php?rest_route=\/wp\/v2\/posts\/187863","targetHints":{"allow":["GET"]}}],"collection":[{"href":"https:\/\/diarioregionaldigital.com.br\/index.php?rest_route=\/wp\/v2\/posts"}],"about":[{"href":"https:\/\/diarioregionaldigital.com.br\/index.php?rest_route=\/wp\/v2\/types\/post"}],"author":[{"embeddable":true,"href":"https:\/\/diarioregionaldigital.com.br\/index.php?rest_route=\/wp\/v2\/users\/246"}],"replies":[{"embeddable":true,"href":"https:\/\/diarioregionaldigital.com.br\/index.php?rest_route=%2Fwp%2Fv2%2Fcomments&post=187863"}],"version-history":[{"count":2,"href":"https:\/\/diarioregionaldigital.com.br\/index.php?rest_route=\/wp\/v2\/posts\/187863\/revisions"}],"predecessor-version":[{"id":187866,"href":"https:\/\/diarioregionaldigital.com.br\/index.php?rest_route=\/wp\/v2\/posts\/187863\/revisions\/187866"}],"wp:featuredmedia":[{"embeddable":true,"href":"https:\/\/diarioregionaldigital.com.br\/index.php?rest_route=\/wp\/v2\/media\/187864"}],"wp:attachment":[{"href":"https:\/\/diarioregionaldigital.com.br\/index.php?rest_route=%2Fwp%2Fv2%2Fmedia&parent=187863"}],"wp:term":[{"taxonomy":"category","embeddable":true,"href":"https:\/\/diarioregionaldigital.com.br\/index.php?rest_route=%2Fwp%2Fv2%2Fcategories&post=187863"},{"taxonomy":"post_tag","embeddable":true,"href":"https:\/\/diarioregionaldigital.com.br\/index.php?rest_route=%2Fwp%2Fv2%2Ftags&post=187863"}],"curies":[{"name":"wp","href":"https:\/\/api.w.org\/{rel}","templated":true}]}}