{"id":187860,"date":"2021-09-02T16:34:24","date_gmt":"2021-09-02T19:34:24","guid":{"rendered":"https:\/\/diarioregionaldigital.com.br\/?p=187860"},"modified":"2021-09-02T16:34:24","modified_gmt":"2021-09-02T19:34:24","slug":"implosao-de-rocha-interdita-trecho-da-rio-branco-no-bairro-cruzeiro-do-sul-no-sabado-4","status":"publish","type":"post","link":"https:\/\/diarioregionaldigital.com.br\/?p=187860","title":{"rendered":"Implos\u00e3o de rocha interdita trecho da Rio Branco no bairro Cruzeiro do Sul no s\u00e1bado, 4"},"content":{"rendered":"<p>A \u00faltima etapa de implos\u00e3o de rocha est\u00e1 prevista para este s\u00e1bado, 4, \u00e0s 15h. O tr\u00e2nsito do local ser\u00e1 interditado no trecho entre a Rua Ibitiguaia e a Avenida Joaquim Vicente Guedes em frente ao n\u00famero 5.250 da via. Calcula-se que a rua seja liberada em cerca de dez minutos. Por\u00e9m, neste prazo, n\u00e3o ser\u00e1 permitida a circula\u00e7\u00e3o de pedestres no trecho de interdi\u00e7\u00e3o e nem a circula\u00e7\u00e3o de ve\u00edculos na Avenida Presidente Jo\u00e3o Goulart, onde est\u00e3o instalados um supermercado e uma faculdade.<\/p>\n<p>Segundo informa\u00e7\u00f5es do site da Prefeitura de Juiz de Fora, a sa\u00edda da Rua Aurora Torres para a Avenida Rio Branco tamb\u00e9m ficar\u00e1 fechada. A partir da noite desta sexta-feira, 3, o estacionamento para ve\u00edculos ficar\u00e1 proibido em todo o trecho a ser interditado para implos\u00e3o. Os agentes de transporte e tr\u00e2nsito da Secretaria de Mobilidade Urbana (SMU) v\u00e3o realizar o monitoramento no local cerca de uma hora antes da detona\u00e7\u00e3o. A equipe estar\u00e1 com um efetivo maior na \u00e1rea de interdi\u00e7\u00e3o para controlar o fechamento e posterior libera\u00e7\u00e3o da via.<\/p>\n","protected":false},"excerpt":{"rendered":"<p>A \u00faltima etapa de implos\u00e3o de rocha est\u00e1 prevista para este s\u00e1bado, 4, \u00e0s 15h. O tr\u00e2nsito do local ser\u00e1 interditado no trecho entre a Rua Ibitiguaia e a Avenida Joaquim Vicente Guedes em frente ao n\u00famero 5.250 da via. Calcula-se que a rua seja liberada em cerca de dez minutos. Por\u00e9m, neste prazo, n\u00e3o [&hellip;]<\/p>\n","protected":false},"author":246,"featured_media":187861,"comment_status":"closed","ping_status":"closed","sticky":false,"template":"","format":"standard","meta":{"footnotes":""},"categories":[253,436],"tags":[],"class_list":["post-187860","post","type-post","status-publish","format-standard","has-post-thumbnail","hentry","category-cidade","category-destaque-da-semana"],"_links":{"self":[{"href":"https:\/\/diarioregionaldigital.com.br\/index.php?rest_route=\/wp\/v2\/posts\/187860","targetHints":{"allow":["GET"]}}],"collection":[{"href":"https:\/\/diarioregionaldigital.com.br\/index.php?rest_route=\/wp\/v2\/posts"}],"about":[{"href":"https:\/\/diarioregionaldigital.com.br\/index.php?rest_route=\/wp\/v2\/types\/post"}],"author":[{"embeddable":true,"href":"https:\/\/diarioregionaldigital.com.br\/index.php?rest_route=\/wp\/v2\/users\/246"}],"replies":[{"embeddable":true,"href":"https:\/\/diarioregionaldigital.com.br\/index.php?rest_route=%2Fwp%2Fv2%2Fcomments&post=187860"}],"version-history":[{"count":1,"href":"https:\/\/diarioregionaldigital.com.br\/index.php?rest_route=\/wp\/v2\/posts\/187860\/revisions"}],"predecessor-version":[{"id":187862,"href":"https:\/\/diarioregionaldigital.com.br\/index.php?rest_route=\/wp\/v2\/posts\/187860\/revisions\/187862"}],"wp:featuredmedia":[{"embeddable":true,"href":"https:\/\/diarioregionaldigital.com.br\/index.php?rest_route=\/wp\/v2\/media\/187861"}],"wp:attachment":[{"href":"https:\/\/diarioregionaldigital.com.br\/index.php?rest_route=%2Fwp%2Fv2%2Fmedia&parent=187860"}],"wp:term":[{"taxonomy":"category","embeddable":true,"href":"https:\/\/diarioregionaldigital.com.br\/index.php?rest_route=%2Fwp%2Fv2%2Fcategories&post=187860"},{"taxonomy":"post_tag","embeddable":true,"href":"https:\/\/diarioregionaldigital.com.br\/index.php?rest_route=%2Fwp%2Fv2%2Ftags&post=187860"}],"curies":[{"name":"wp","href":"https:\/\/api.w.org\/{rel}","templated":true}]}}