{"id":187608,"date":"2021-08-30T19:08:45","date_gmt":"2021-08-30T22:08:45","guid":{"rendered":"https:\/\/diarioregionaldigital.com.br\/?p=187608"},"modified":"2021-08-30T19:08:45","modified_gmt":"2021-08-30T22:08:45","slug":"para-lira-especulacoes-e-falsas-versoes-prejudicam-a-retomada-da-economia","status":"publish","type":"post","link":"https:\/\/diarioregionaldigital.com.br\/?p=187608","title":{"rendered":"Para Lira, especula\u00e7\u00f5es e falsas vers\u00f5es prejudicam a retomada da economia"},"content":{"rendered":"<p>O presidente da C\u00e2mara dos Deputados, <a href=\"https:\/\/www.camara.leg.br\/deputados\/160541\">Arthur Lira (PP-AL)<\/a>, afirmou que as especula\u00e7\u00f5es sobre o que est\u00e1 sendo discutido no Congresso podem prejudicar a retomada da economia brasileira. Entre essas falsas vers\u00f5es citadas por Lira est\u00e3o as especula\u00e7\u00f5es sobre o rompimento do teto de gastos, o calote com o pagamento de precat\u00f3rios e o ataque aos direitos adquiridos com a reforma administrativa.<\/p>\n<p>Lira afirmou que o humor das Bolsas de Valores se baseiam em hip\u00f3teses, e \u00e9 preciso tentar diminuir as vers\u00f5es. Ele participou de evento promovido pela Febraban nesta sexta-feira (27). No evento, foi discutido o porqu\u00ea das expectativas dos agentes econ\u00f4micos trazerem a perspectiva de uma deteriora\u00e7\u00e3o do cen\u00e1rio fiscal. Os presidentes do Banco Central, Roberto Campos Netto, e da Febraban, Isaac Sidne, tamb\u00e9m participaram do evento.<\/p>\n<p>\u201cN\u00f3s queremos a uni\u00e3o, paz, tranquilidade. Devemos parar com essa especula\u00e7\u00e3o. N\u00e3o aventamos a possibilidade de dar o teto para o aux\u00edlio emergencial, n\u00e3o devemos permitir que os juros futuros prejudiquem a credibilidade do Pa\u00eds. Estamos discutindo o novo C\u00f3digo Eleitoral, com vers\u00f5es fantasiadas. N\u00e3o haver\u00e1 possibilidade, no que depender de n\u00f3s, de nenhum tipo de ruptura, n\u00e3o haver\u00e1 possibilidade de furar o teto\u201d, afirmou.<\/p>\n<p><strong>Tens\u00e3o pol\u00edtica<br \/>\n<\/strong><br \/>\nLira tamb\u00e9m comentou sobre a expectativa a respeito dos atos em defesa do governo no dia 7 de setembro. A imprensa tem especulado que pode haver atos violentos nas manifesta\u00e7\u00f5es em defesa do presidente da Rep\u00fablica. Na semana passada, o ministro Alexandre de Moraes, do Supremo Tribunal Federal (STF),\u00a0 autorizou cumprimento de mandados de busca e apreens\u00e3o contra ativistas que incitavam a popula\u00e7\u00e3o a cobrar o Congresso para derrubar todos os ministros do STF e com pedidos de uma interven\u00e7\u00e3o militar no Pa\u00eds.<\/p>\n<p>Segundo Lira, a C\u00e2mara e o Senado t\u00eam trabalhado para apaziguar o Pa\u00eds.\u00a0\u201cO Congresso apazigua as crises pol\u00edticas e contribui com as reformas. Agora, Bolsonaro pauta o Pa\u00eds com o voto impresso e com o 7 de setembro, e o humor das Bolsas est\u00e1 na hip\u00f3teses. N\u00e3o haver\u00e1 nada no 7 de setembro. Temos que nos esfor\u00e7ar para que ele seja pac\u00edfico. Estamos trabalhando para distensionar e exterminar com as vers\u00f5es\u201d, destacou o presidente.<\/p>\n<p><strong>Reforma tribut\u00e1ria<br \/>\n<\/strong><br \/>\nLira voltou a defender a aprova\u00e7\u00e3o da reforma tribut\u00e1ria. Segundo ele, o conceito est\u00e1 correto: diminuir os impostos e cobrar mais de quem ganha mais. \u201cO Brasil precisa acabar com essas distor\u00e7\u00f5es\u201d, defendeu. Para ele, o objetivo \u00e9 diminuir os impostos das empresas, porque geram mais empregos, fortalecem a economia e reabastecem os cofres do governo.<\/p>\n<p>Na avalia\u00e7\u00e3o de Lira, n\u00e3o se trata de uma reforma contra \u201cA\u201d ou contra \u201cB\u201d e, se for necess\u00e1rio, podem-se fazer ajustes no texto, mas \u201cn\u00e3o podemos ter Su\u00ed\u00e7as individuais no Brasil, isso \u00e9 uma anomalia\u201d, disse.<\/p>\n<p>Lira foi questionado se a aprova\u00e7\u00e3o da reforma estaria atrelada \u00e0 reformula\u00e7\u00e3o do novo Bolsa Fam\u00edlia. O presidente negou e disse que o foco \u00e9 garantir renda para os mais vulner\u00e1veis. Arthur Lira afirmou que o Aux\u00edlio Brasil vai estar dentro do teto de gastos e que a reforma tribut\u00e1ria n\u00e3o vai subsidiar o novo programa social.<\/p>\n<p><strong>Precat\u00f3rios<br \/>\n<\/strong><br \/>\nSegundo Lira, a proposta do presidente do Supremo Tribunal Federal de congelar os gastos com precat\u00f3rios no patamar de 2016, ano que foi criado o teto dos gastos, corrigidos pela infla\u00e7\u00e3o, poderia ser a base de um acordo entre Executivo, Legislativo e Judici\u00e1rio. A previs\u00e3o para o pagamento de d\u00edvidas de precat\u00f3rios da Uni\u00e3o chega a R$ 90 bilh\u00f5es em 2022.<\/p>\n<p>\u201cA melhor sa\u00edda \u00e9 uma sa\u00edda negociada, para que o presidente Fux numa media\u00e7\u00e3o, junto com o CNJ (Conselho Nacional de Justi\u00e7a), consiga uma sa\u00edda negociada, que evitar\u00e1 um questionamento jur\u00eddico para dar uma programa\u00e7\u00e3o e uma sa\u00edda jur\u00eddica sem dar calote nos credores da Uni\u00e3o\u201d, afirmou.<\/p>\n<p>Fonte: Ag\u00eancia C\u00e2mara de Not\u00edcias<\/p>\n","protected":false},"excerpt":{"rendered":"<p>O presidente da C\u00e2mara dos Deputados, Arthur Lira (PP-AL), afirmou que as especula\u00e7\u00f5es sobre o que est\u00e1 sendo discutido no Congresso podem prejudicar a retomada da economia brasileira. Entre essas falsas vers\u00f5es citadas por Lira est\u00e3o as especula\u00e7\u00f5es sobre o rompimento do teto de gastos, o calote com o pagamento de precat\u00f3rios e o ataque [&hellip;]<\/p>\n","protected":false},"author":246,"featured_media":187609,"comment_status":"closed","ping_status":"closed","sticky":false,"template":"","format":"standard","meta":{"footnotes":""},"categories":[440,254],"tags":[],"class_list":["post-187608","post","type-post","status-publish","format-standard","has-post-thumbnail","hentry","category-destaques-do-dia","category-politica"],"_links":{"self":[{"href":"https:\/\/diarioregionaldigital.com.br\/index.php?rest_route=\/wp\/v2\/posts\/187608","targetHints":{"allow":["GET"]}}],"collection":[{"href":"https:\/\/diarioregionaldigital.com.br\/index.php?rest_route=\/wp\/v2\/posts"}],"about":[{"href":"https:\/\/diarioregionaldigital.com.br\/index.php?rest_route=\/wp\/v2\/types\/post"}],"author":[{"embeddable":true,"href":"https:\/\/diarioregionaldigital.com.br\/index.php?rest_route=\/wp\/v2\/users\/246"}],"replies":[{"embeddable":true,"href":"https:\/\/diarioregionaldigital.com.br\/index.php?rest_route=%2Fwp%2Fv2%2Fcomments&post=187608"}],"version-history":[{"count":1,"href":"https:\/\/diarioregionaldigital.com.br\/index.php?rest_route=\/wp\/v2\/posts\/187608\/revisions"}],"predecessor-version":[{"id":187610,"href":"https:\/\/diarioregionaldigital.com.br\/index.php?rest_route=\/wp\/v2\/posts\/187608\/revisions\/187610"}],"wp:featuredmedia":[{"embeddable":true,"href":"https:\/\/diarioregionaldigital.com.br\/index.php?rest_route=\/wp\/v2\/media\/187609"}],"wp:attachment":[{"href":"https:\/\/diarioregionaldigital.com.br\/index.php?rest_route=%2Fwp%2Fv2%2Fmedia&parent=187608"}],"wp:term":[{"taxonomy":"category","embeddable":true,"href":"https:\/\/diarioregionaldigital.com.br\/index.php?rest_route=%2Fwp%2Fv2%2Fcategories&post=187608"},{"taxonomy":"post_tag","embeddable":true,"href":"https:\/\/diarioregionaldigital.com.br\/index.php?rest_route=%2Fwp%2Fv2%2Ftags&post=187608"}],"curies":[{"name":"wp","href":"https:\/\/api.w.org\/{rel}","templated":true}]}}