{"id":187601,"date":"2021-08-30T19:00:14","date_gmt":"2021-08-30T22:00:14","guid":{"rendered":"https:\/\/diarioregionaldigital.com.br\/?p=187601"},"modified":"2021-08-30T19:00:14","modified_gmt":"2021-08-30T22:00:14","slug":"governo-central-tem-deficit-primario-de-r-198-bilhoes-em-julho","status":"publish","type":"post","link":"https:\/\/diarioregionaldigital.com.br\/?p=187601","title":{"rendered":"Governo Central tem d\u00e9ficit prim\u00e1rio de R$ 19,8 bilh\u00f5es em julho"},"content":{"rendered":"<p>O aumento da arrecada\u00e7\u00e3o e a diminui\u00e7\u00e3o de gastos relacionados \u00e0 pandemia de covid-19 fizeram o d\u00e9ficit do Governo Central (Tesouro Nacional, Previd\u00eancia Social e Banco Central) cair em julho na compara\u00e7\u00e3o com 2020. No m\u00eas passado, o resultado ficou negativo em R$ 19,829 bilh\u00f5es.<img decoding=\"async\" src=\"https:\/\/agenciabrasil.ebc.com.br\/ebc.png?id=1420004&amp;o=node\" \/><img decoding=\"async\" src=\"https:\/\/agenciabrasil.ebc.com.br\/ebc.gif?id=1420004&amp;o=node\" \/><\/p>\n<p>A quantia representa queda de 79,3% em rela\u00e7\u00e3o ao d\u00e9ficit do mesmo m\u00eas do ano passado, quando os desembolsos para o combate \u00e0 pandemia estavam no auge. Em julho de 2020, o d\u00e9ficit tinha ficado em R$ 87,886 bilh\u00f5es, resultado negativo recorde para o m\u00eas.<\/p>\n<p>O resultado veio melhor que o previsto. Segundo a pesquisa Prisma Fiscal, divulgada todos os meses pelo Minist\u00e9rio da Economia, as institui\u00e7\u00f5es financeiras projetavam d\u00e9ficit prim\u00e1rio de R$ 31,4 bilh\u00f5es para julho.<\/p>\n<p>O d\u00e9ficit prim\u00e1rio representa o resultado negativo nas contas do governo sem considerar os juros da d\u00edvida p\u00fablica. Com o desempenho de julho, o Governo Central acumula d\u00e9ficit prim\u00e1rio de R$ 73,432 bilh\u00f5es nos sete primeiros meses de 2021. Esse foi o terceiro maior d\u00e9ficit para o per\u00edodo, s\u00f3 perdendo para o ano passado e para julho de 2017, quando o super\u00e1vit acumulado de janeiro a julho havia atingido R$ 505,232 bilh\u00f5es e R$ 76,663 bilh\u00f5es, respectivamente.<\/p>\n<p><strong>Meta<\/strong><\/p>\n<p>Para este ano, a Lei de Diretrizes Or\u00e7ament\u00e1rias (LDO) estabelece meta de d\u00e9ficit de R$ 247,1 bilh\u00f5es para o Governo Central, mas projeto de lei aprovado no fim de abril permite o abatimento da meta de at\u00e9 R$ 40 bilh\u00f5es de gastos.<\/p>\n<p>Os gastos que podem ser deduzidos da meta est\u00e3o relacionados com o enfrentamento \u00e0 pandemia de covid-19. Dos R$ 40 bilh\u00f5es autorizados pelo Congresso, R$ 20 bilh\u00f5es destinam-se \u00e0 sa\u00fade, R$ 10 bilh\u00f5es ao programa de redu\u00e7\u00e3o de jornada e suspens\u00e3o de contrato e R$ 10 bilh\u00f5es ao\u00a0<a href=\"https:\/\/agenciabrasil.ebc.com.br\/tags\/pronampe\" target=\"_blank\" rel=\"noopener\">Pronampe<\/a>, programa que fornece cr\u00e9dito emergencial a micro e pequenas empresas.<\/p>\n<p><strong>Receitas e despesas<\/strong><\/p>\n<p>Um dos principais fatores que contribu\u00edram para a redu\u00e7\u00e3o do d\u00e9ficit prim\u00e1rio em julho foi a alta na arrecada\u00e7\u00e3o do governo. A receita l\u00edquida do Governo Central subiu 41,4% em julho acima da infla\u00e7\u00e3o oficial pelo \u00cdndice Nacional de Pre\u00e7os ao Consumidor Amplo (IPCA), na compara\u00e7\u00e3o com o mesmo m\u00eas do ano passado. No m\u00eas, elas somaram R$ 139,128 bilh\u00f5es.<\/p>\n<p>Boa parte dessa alta deve-se \u00e0 queda de arrecada\u00e7\u00e3o provocada pela restri\u00e7\u00e3o das atividades sociais no in\u00edcio da pandemia e pelo adiamento de diversos pagamentos, como contribui\u00e7\u00f5es \u00e0 Previd\u00eancia Social e recolhimentos ao Fundo de Garantia do Tempo de Servi\u00e7o (FGTS), que vigorou no ano passado como medida de ajuda \u00e0s empresas.<\/p>\n<p>No entanto, a\u00a0<a href=\"https:\/\/agenciabrasil.ebc.com.br\/economia\/noticia\/2021-08\/arrecadacao-federal-chega-r-171270-bilhoes-em-julho\" target=\"_blank\" rel=\"noopener\">arrecada\u00e7\u00e3o recorde de julho<\/a>, influenciada pela recupera\u00e7\u00e3o da economia, melhorou o caixa do governo. A alta no pre\u00e7o internacional do petr\u00f3leo e do min\u00e9rio de ferro aumentaram em R$ 9,3 bilh\u00f5es na compara\u00e7\u00e3o com julho do ano passado, em valores corrigidos pelo IPCA.<\/p>\n<p>As despesas totais ca\u00edram 31,4% na mesma compara\u00e7\u00e3o, tamb\u00e9m descontando a infla\u00e7\u00e3o pelo IPCA. Em julho, elas somaram R$ 158,957 bilh\u00f5es. No acumulado de 2021, as despesas totais somaram R$ 944,59 bilh\u00f5es. Em rela\u00e7\u00e3o ao teto de gastos, o governo gastou, neste ano, 57,9% do limite de R$ 1,486 trilh\u00e3o, numa conta que exclui cerca de R$ 30 bilh\u00f5es em despesas fora do teto.<\/p>\n<p>A queda das despesas totais est\u00e1 relacionada principalmente \u00e0 redu\u00e7\u00e3o dos gastos com o enfrentamento \u00e0 pandemia. Em julho, o volume de cr\u00e9ditos extraordin\u00e1rios caiu R$ 43,4 bilh\u00f5es em rela\u00e7\u00e3o ao mesmo m\u00eas de 2020, e n\u00e3o se repetiu o pagamento de R$ 19,9 bilh\u00f5es da ajuda da Uni\u00e3o a estados e munic\u00edpios.<\/p>\n<p>Em rela\u00e7\u00e3o aos investimentos (obras p\u00fablicas e compra de equipamentos), o governo federal investiu R$ 7,063 bilh\u00f5es em julho, alta de 86,7% em rela\u00e7\u00e3o ao mesmo m\u00eas de 2020, descontada a infla\u00e7\u00e3o pelo IPCA. No entanto, os investimentos somam R$ 24,283 bilh\u00f5es em 2021, queda de 47,8% na compara\u00e7\u00e3o com o primeiro quadrimestre do ano passado, tamb\u00e9m descontado o IPCA. O atraso na aprova\u00e7\u00e3o do Or\u00e7amento de 2021, sancionado apenas no fim de abril, explica o recuo nos investimentos no acumulado do ano.<\/p>\n<p><span style=\"font-weight: 400;\">Fonte: Ag\u00eancia Brasil <\/span><\/p>\n","protected":false},"excerpt":{"rendered":"<p>O aumento da arrecada\u00e7\u00e3o e a diminui\u00e7\u00e3o de gastos relacionados \u00e0 pandemia de covid-19 fizeram o d\u00e9ficit do Governo Central (Tesouro Nacional, Previd\u00eancia Social e Banco Central) cair em julho na compara\u00e7\u00e3o com 2020. No m\u00eas passado, o resultado ficou negativo em R$ 19,829 bilh\u00f5es. A quantia representa queda de 79,3% em rela\u00e7\u00e3o ao d\u00e9ficit [&hellip;]<\/p>\n","protected":false},"author":246,"featured_media":187602,"comment_status":"closed","ping_status":"closed","sticky":false,"template":"","format":"standard","meta":{"footnotes":""},"categories":[436,261],"tags":[],"class_list":["post-187601","post","type-post","status-publish","format-standard","has-post-thumbnail","hentry","category-destaque-da-semana","category-economia"],"_links":{"self":[{"href":"https:\/\/diarioregionaldigital.com.br\/index.php?rest_route=\/wp\/v2\/posts\/187601","targetHints":{"allow":["GET"]}}],"collection":[{"href":"https:\/\/diarioregionaldigital.com.br\/index.php?rest_route=\/wp\/v2\/posts"}],"about":[{"href":"https:\/\/diarioregionaldigital.com.br\/index.php?rest_route=\/wp\/v2\/types\/post"}],"author":[{"embeddable":true,"href":"https:\/\/diarioregionaldigital.com.br\/index.php?rest_route=\/wp\/v2\/users\/246"}],"replies":[{"embeddable":true,"href":"https:\/\/diarioregionaldigital.com.br\/index.php?rest_route=%2Fwp%2Fv2%2Fcomments&post=187601"}],"version-history":[{"count":2,"href":"https:\/\/diarioregionaldigital.com.br\/index.php?rest_route=\/wp\/v2\/posts\/187601\/revisions"}],"predecessor-version":[{"id":187604,"href":"https:\/\/diarioregionaldigital.com.br\/index.php?rest_route=\/wp\/v2\/posts\/187601\/revisions\/187604"}],"wp:featuredmedia":[{"embeddable":true,"href":"https:\/\/diarioregionaldigital.com.br\/index.php?rest_route=\/wp\/v2\/media\/187602"}],"wp:attachment":[{"href":"https:\/\/diarioregionaldigital.com.br\/index.php?rest_route=%2Fwp%2Fv2%2Fmedia&parent=187601"}],"wp:term":[{"taxonomy":"category","embeddable":true,"href":"https:\/\/diarioregionaldigital.com.br\/index.php?rest_route=%2Fwp%2Fv2%2Fcategories&post=187601"},{"taxonomy":"post_tag","embeddable":true,"href":"https:\/\/diarioregionaldigital.com.br\/index.php?rest_route=%2Fwp%2Fv2%2Ftags&post=187601"}],"curies":[{"name":"wp","href":"https:\/\/api.w.org\/{rel}","templated":true}]}}