{"id":187597,"date":"2021-08-30T18:57:59","date_gmt":"2021-08-30T21:57:59","guid":{"rendered":"https:\/\/diarioregionaldigital.com.br\/?p=187597"},"modified":"2021-08-30T18:57:59","modified_gmt":"2021-08-30T21:57:59","slug":"tesouro-deficit-do-ano-seria-proximo-de-zero-sem-gastos-com-covid-19","status":"publish","type":"post","link":"https:\/\/diarioregionaldigital.com.br\/?p=187597","title":{"rendered":"Tesouro: d\u00e9ficit do ano seria pr\u00f3ximo de zero sem gastos com covid-19"},"content":{"rendered":"<p>Sem os gastos extras com o enfrentamento \u00e0 pandemia de covid-19, o Governo Central (Tesouro Nacional, Previd\u00eancia Social e Banco Central) teria d\u00e9ficit prim\u00e1rio de apenas R$ 3 bilh\u00f5es nos sete primeiros meses do ano, disse hoje (30) o secret\u00e1rio do Tesouro Nacional, Jeferson Bittencourt. O secret\u00e1rio\u00a0apresentou a estimativa ao explicar o\u00a0<a href=\"https:\/\/agenciabrasil.ebc.com.br\/economia\/noticia\/2021-08\/governo-central-tem-deficit-primario-de-r-198-bilhoes-em-julho\" target=\"_blank\" rel=\"noopener\">resultado negativo de R$ 73,432 bilh\u00f5es<\/a>\u00a0registrado de janeiro a julho deste ano.<img decoding=\"async\" src=\"https:\/\/agenciabrasil.ebc.com.br\/ebc.png?id=1420009&amp;o=node\" \/><img decoding=\"async\" src=\"https:\/\/agenciabrasil.ebc.com.br\/ebc.gif?id=1420009&amp;o=node\" \/><\/p>\n<p>Na avalia\u00e7\u00e3o do secret\u00e1rio, o Brasil apresenta melhora fiscal efetiva e registra avan\u00e7os, que podem ser expressos na queda do d\u00e9ficit prim\u00e1rio e da d\u00edvida p\u00fablica bruta neste ano. Em julho, o d\u00e9ficit prim\u00e1rio \u2013 resultado negativo nas contas do governo sem os juros da d\u00edvida p\u00fablica \u2013 somou R$ 19,829 bilh\u00f5es, contra d\u00e9ficit de R$ 87,886 bilh\u00f5es no mesmo m\u00eas do ano passado.<\/p>\n<p><strong>Endividamento<\/strong><\/p>\n<p>Em rela\u00e7\u00e3o \u00e0 D\u00edvida Bruta do Governo Geral (DBGG), o Tesouro destacou, no sum\u00e1rio de divulga\u00e7\u00e3o dos dados, que o indicador caiu 5,3 pontos percentuais do Produto Interno Bruto (PIB) de fevereiro a junho deste ano, ap\u00f3s ter subido 15 pontos percentuais do PIB entre dezembro de 2019 e fevereiro de 2021. Segundo o \u00f3rg\u00e3o, as estimativas para o ano que vem est\u00e3o otimistas.<\/p>\n<p>\u201cAl\u00e9m disso, as proje\u00e7\u00f5es mostram que em 2022 a d\u00edvida estar\u00e1 poucos pontos percentuais acima do que se previa para este ano, antes da pandemia\u201d, destacou o texto. Neste ano, o endividamento do governo em rela\u00e7\u00e3o ao PIB cai, em parte, por causa da melhora das contas p\u00fablicas provocada pela queda dos gastos com o enfrentamento \u00e0 pandemia e pela alta na arrecada\u00e7\u00e3o relacionada com a recupera\u00e7\u00e3o econ\u00f4mica. Outra parte da queda decorre da infla\u00e7\u00e3o, que aumenta o PIB nominal e eleva o denominador da rela\u00e7\u00e3o d\u00edvida\/PIB, encolhendo o valor da fra\u00e7\u00e3o.<\/p>\n<p>Na avalia\u00e7\u00e3o do Tesouro, o aumento de gastos durante a pandemia representou uma medida de curto prazo, que n\u00e3o compromete a sustentabilidade de m\u00e9dio prazo da d\u00edvida p\u00fablica brasileira. \u201cPercebe-se, com isso, que o Pa\u00eds disp\u00f5e de capacidade de gerar melhores resultados fiscais se comparado com o per\u00edodo anterior \u00e0 pandemia e, seguindo neste caminho, as proje\u00e7\u00f5es ainda devem continuar melhorando\u201d, informou o sum\u00e1rio.<\/p>\n<p>Por fim, o Tesouro pediu a manuten\u00e7\u00e3o das normas fiscais atuais \u2013 ancoradas em meta de resultado prim\u00e1rio, teto de gastos e regra de ouro \u2013 para manter a responsabilidade fiscal no pa\u00eds. \u201c\u00c9 preciso lembrar que essa melhoria veio do respeito a um conjunto de regras fiscais, e a manuten\u00e7\u00e3o desse compromisso \u00e9 que far\u00e1 as expectativas se realizarem em todo o seu potencial\u201d, argumentou o \u00f3rg\u00e3o.<\/p>\n<p>A manuten\u00e7\u00e3o e o cumprimento das regras fiscais poder\u00e3o fazer o endividamento p\u00fablico continuar a cair nos pr\u00f3ximos anos, por meio de juros de longo prazo mais baixos que reduzem o custo de renova\u00e7\u00e3o da d\u00edvida do governo. \u201cNa medida em que o cen\u00e1rio para indicadores fiscais seja mais bem percebido, dever\u00e1 se refletir em menores custos de rolagem da d\u00edvida, que por sua vez podem gerar efeitos ainda mais positivos sobre o pr\u00f3prio quadro prospectivo fiscal e econ\u00f4mico\u201d, concluiu o sum\u00e1rio do Tesouro.<\/p>\n<p><span style=\"font-weight: 400;\">Fonte: Ag\u00eancia Brasil <\/span><\/p>\n","protected":false},"excerpt":{"rendered":"<p>Sem os gastos extras com o enfrentamento \u00e0 pandemia de covid-19, o Governo Central (Tesouro Nacional, Previd\u00eancia Social e Banco Central) teria d\u00e9ficit prim\u00e1rio de apenas R$ 3 bilh\u00f5es nos sete primeiros meses do ano, disse hoje (30) o secret\u00e1rio do Tesouro Nacional, Jeferson Bittencourt. O secret\u00e1rio\u00a0apresentou a estimativa ao explicar o\u00a0resultado negativo de R$ [&hellip;]<\/p>\n","protected":false},"author":246,"featured_media":187598,"comment_status":"closed","ping_status":"closed","sticky":false,"template":"","format":"standard","meta":{"footnotes":""},"categories":[436,261],"tags":[],"class_list":["post-187597","post","type-post","status-publish","format-standard","has-post-thumbnail","hentry","category-destaque-da-semana","category-economia"],"_links":{"self":[{"href":"https:\/\/diarioregionaldigital.com.br\/index.php?rest_route=\/wp\/v2\/posts\/187597","targetHints":{"allow":["GET"]}}],"collection":[{"href":"https:\/\/diarioregionaldigital.com.br\/index.php?rest_route=\/wp\/v2\/posts"}],"about":[{"href":"https:\/\/diarioregionaldigital.com.br\/index.php?rest_route=\/wp\/v2\/types\/post"}],"author":[{"embeddable":true,"href":"https:\/\/diarioregionaldigital.com.br\/index.php?rest_route=\/wp\/v2\/users\/246"}],"replies":[{"embeddable":true,"href":"https:\/\/diarioregionaldigital.com.br\/index.php?rest_route=%2Fwp%2Fv2%2Fcomments&post=187597"}],"version-history":[{"count":2,"href":"https:\/\/diarioregionaldigital.com.br\/index.php?rest_route=\/wp\/v2\/posts\/187597\/revisions"}],"predecessor-version":[{"id":187600,"href":"https:\/\/diarioregionaldigital.com.br\/index.php?rest_route=\/wp\/v2\/posts\/187597\/revisions\/187600"}],"wp:featuredmedia":[{"embeddable":true,"href":"https:\/\/diarioregionaldigital.com.br\/index.php?rest_route=\/wp\/v2\/media\/187598"}],"wp:attachment":[{"href":"https:\/\/diarioregionaldigital.com.br\/index.php?rest_route=%2Fwp%2Fv2%2Fmedia&parent=187597"}],"wp:term":[{"taxonomy":"category","embeddable":true,"href":"https:\/\/diarioregionaldigital.com.br\/index.php?rest_route=%2Fwp%2Fv2%2Fcategories&post=187597"},{"taxonomy":"post_tag","embeddable":true,"href":"https:\/\/diarioregionaldigital.com.br\/index.php?rest_route=%2Fwp%2Fv2%2Ftags&post=187597"}],"curies":[{"name":"wp","href":"https:\/\/api.w.org\/{rel}","templated":true}]}}