{"id":187591,"date":"2021-08-30T14:52:25","date_gmt":"2021-08-30T17:52:25","guid":{"rendered":"https:\/\/diarioregionaldigital.com.br\/?p=187591"},"modified":"2021-08-30T14:52:25","modified_gmt":"2021-08-30T17:52:25","slug":"pcmg-deflagra-operacao-para-coibir-maus-tratos-a-animais-em-juiz-de-fora","status":"publish","type":"post","link":"https:\/\/diarioregionaldigital.com.br\/?p=187591","title":{"rendered":"PCMG deflagra opera\u00e7\u00e3o para coibir maus-tratos a animais em Juiz de Fora"},"content":{"rendered":"<p>Neste domingo, 29\/8,\u00a0 a Pol\u00edcia Civil de Minas Gerais realizou uma opera\u00e7\u00e3o policial, visando coibir maus-tratos a animais, na Zona Sul do munic\u00edpio de Juiz de Fora, na Zona da Mata mineira. Na ocasi\u00e3o, cinco c\u00e3es foram resgatados nessa situa\u00e7\u00e3o em um mesmo im\u00f3vel, localizado no bairro Ipiranga. Os tutores dos animais n\u00e3o estavam no local, no momento da a\u00e7\u00e3o, mas as investiga\u00e7\u00f5es prosseguem visando \u00e0 responsabiliza\u00e7\u00e3o dos suspeitos pela pr\u00e1tica do crime.<\/p>\n<p>Conforme informa\u00e7\u00f5es da assessoria, uma equipe de prote\u00e7\u00e3o animal do deputado estadual Noraldino J\u00fanior esteve presente no local e conduziu os c\u00e3es at\u00e9 uma cl\u00ednica veterin\u00e1ria para tratamento e para posterior ado\u00e7\u00e3o.<\/p>\n<p>Os trabalhos investigativos prosseguem.<\/p>\n","protected":false},"excerpt":{"rendered":"<p>Neste domingo, 29\/8,\u00a0 a Pol\u00edcia Civil de Minas Gerais realizou uma opera\u00e7\u00e3o policial, visando coibir maus-tratos a animais, na Zona Sul do munic\u00edpio de Juiz de Fora, na Zona da Mata mineira. Na ocasi\u00e3o, cinco c\u00e3es foram resgatados nessa situa\u00e7\u00e3o em um mesmo im\u00f3vel, localizado no bairro Ipiranga. Os tutores dos animais n\u00e3o estavam no [&hellip;]<\/p>\n","protected":false},"author":246,"featured_media":187592,"comment_status":"closed","ping_status":"closed","sticky":false,"template":"","format":"standard","meta":{"footnotes":""},"categories":[301,1229],"tags":[],"class_list":["post-187591","post","type-post","status-publish","format-standard","has-post-thumbnail","hentry","category-artigos-policiais","category-policial"],"_links":{"self":[{"href":"https:\/\/diarioregionaldigital.com.br\/index.php?rest_route=\/wp\/v2\/posts\/187591","targetHints":{"allow":["GET"]}}],"collection":[{"href":"https:\/\/diarioregionaldigital.com.br\/index.php?rest_route=\/wp\/v2\/posts"}],"about":[{"href":"https:\/\/diarioregionaldigital.com.br\/index.php?rest_route=\/wp\/v2\/types\/post"}],"author":[{"embeddable":true,"href":"https:\/\/diarioregionaldigital.com.br\/index.php?rest_route=\/wp\/v2\/users\/246"}],"replies":[{"embeddable":true,"href":"https:\/\/diarioregionaldigital.com.br\/index.php?rest_route=%2Fwp%2Fv2%2Fcomments&post=187591"}],"version-history":[{"count":1,"href":"https:\/\/diarioregionaldigital.com.br\/index.php?rest_route=\/wp\/v2\/posts\/187591\/revisions"}],"predecessor-version":[{"id":187593,"href":"https:\/\/diarioregionaldigital.com.br\/index.php?rest_route=\/wp\/v2\/posts\/187591\/revisions\/187593"}],"wp:featuredmedia":[{"embeddable":true,"href":"https:\/\/diarioregionaldigital.com.br\/index.php?rest_route=\/wp\/v2\/media\/187592"}],"wp:attachment":[{"href":"https:\/\/diarioregionaldigital.com.br\/index.php?rest_route=%2Fwp%2Fv2%2Fmedia&parent=187591"}],"wp:term":[{"taxonomy":"category","embeddable":true,"href":"https:\/\/diarioregionaldigital.com.br\/index.php?rest_route=%2Fwp%2Fv2%2Fcategories&post=187591"},{"taxonomy":"post_tag","embeddable":true,"href":"https:\/\/diarioregionaldigital.com.br\/index.php?rest_route=%2Fwp%2Fv2%2Ftags&post=187591"}],"curies":[{"name":"wp","href":"https:\/\/api.w.org\/{rel}","templated":true}]}}