{"id":187588,"date":"2021-08-30T13:22:29","date_gmt":"2021-08-30T16:22:29","guid":{"rendered":"https:\/\/diarioregionaldigital.com.br\/?p=187588"},"modified":"2021-08-30T13:22:29","modified_gmt":"2021-08-30T16:22:29","slug":"policia-militar-prende-autor-e-apreende-materiais-relacionados-ao-trafico-de-drogas-no-olavo-costa","status":"publish","type":"post","link":"https:\/\/diarioregionaldigital.com.br\/?p=187588","title":{"rendered":"Pol\u00edcia Militar prende autor e apreende materiais relacionados ao tr\u00e1fico de drogas no Olavo Costa"},"content":{"rendered":"<p>Na noite de domingo, 29ago21 por volta das 21h32min, durante a realiza\u00e7\u00e3o de Opera\u00e7\u00e3o Batida Policial no bairro Olavo Costa, a Pol\u00edcia Militar abordou um indiv\u00edduo em atitude suspeita na Rua Filonila Carlota de Jesus. O suspeito estava com uma bolsa nas m\u00e3os. Procedidas as buscas, ao todo foram localizados e apreendidos: 293 pedras de crack, 01 barra da crack, v\u00e1rios pl\u00e1sticos para embalagem, 01 balan\u00e7a de precis\u00e3o digital e R$ 108,00 em dinheiro. O autor, um homem de 52 anos, foi preso e conduzido \u00e0 Delegacia.<\/p>\n","protected":false},"excerpt":{"rendered":"<p>Na noite de domingo, 29ago21 por volta das 21h32min, durante a realiza\u00e7\u00e3o de Opera\u00e7\u00e3o Batida Policial no bairro Olavo Costa, a Pol\u00edcia Militar abordou um indiv\u00edduo em atitude suspeita na Rua Filonila Carlota de Jesus. O suspeito estava com uma bolsa nas m\u00e3os. Procedidas as buscas, ao todo foram localizados e apreendidos: 293 pedras de [&hellip;]<\/p>\n","protected":false},"author":246,"featured_media":187589,"comment_status":"closed","ping_status":"closed","sticky":false,"template":"","format":"standard","meta":{"footnotes":""},"categories":[301,1229],"tags":[],"class_list":["post-187588","post","type-post","status-publish","format-standard","has-post-thumbnail","hentry","category-artigos-policiais","category-policial"],"_links":{"self":[{"href":"https:\/\/diarioregionaldigital.com.br\/index.php?rest_route=\/wp\/v2\/posts\/187588","targetHints":{"allow":["GET"]}}],"collection":[{"href":"https:\/\/diarioregionaldigital.com.br\/index.php?rest_route=\/wp\/v2\/posts"}],"about":[{"href":"https:\/\/diarioregionaldigital.com.br\/index.php?rest_route=\/wp\/v2\/types\/post"}],"author":[{"embeddable":true,"href":"https:\/\/diarioregionaldigital.com.br\/index.php?rest_route=\/wp\/v2\/users\/246"}],"replies":[{"embeddable":true,"href":"https:\/\/diarioregionaldigital.com.br\/index.php?rest_route=%2Fwp%2Fv2%2Fcomments&post=187588"}],"version-history":[{"count":1,"href":"https:\/\/diarioregionaldigital.com.br\/index.php?rest_route=\/wp\/v2\/posts\/187588\/revisions"}],"predecessor-version":[{"id":187590,"href":"https:\/\/diarioregionaldigital.com.br\/index.php?rest_route=\/wp\/v2\/posts\/187588\/revisions\/187590"}],"wp:featuredmedia":[{"embeddable":true,"href":"https:\/\/diarioregionaldigital.com.br\/index.php?rest_route=\/wp\/v2\/media\/187589"}],"wp:attachment":[{"href":"https:\/\/diarioregionaldigital.com.br\/index.php?rest_route=%2Fwp%2Fv2%2Fmedia&parent=187588"}],"wp:term":[{"taxonomy":"category","embeddable":true,"href":"https:\/\/diarioregionaldigital.com.br\/index.php?rest_route=%2Fwp%2Fv2%2Fcategories&post=187588"},{"taxonomy":"post_tag","embeddable":true,"href":"https:\/\/diarioregionaldigital.com.br\/index.php?rest_route=%2Fwp%2Fv2%2Ftags&post=187588"}],"curies":[{"name":"wp","href":"https:\/\/api.w.org\/{rel}","templated":true}]}}