{"id":187572,"date":"2021-08-27T19:26:40","date_gmt":"2021-08-27T22:26:40","guid":{"rendered":"https:\/\/diarioregionaldigital.com.br\/?p=187572"},"modified":"2021-08-27T19:26:40","modified_gmt":"2021-08-27T22:26:40","slug":"cadastro-para-garantir-desconto-no-iptu-2022-termina-em-setembro","status":"publish","type":"post","link":"https:\/\/diarioregionaldigital.com.br\/?p=187572","title":{"rendered":"Cadastro para garantir desconto no IPTU 2022 termina em setembro"},"content":{"rendered":"<p>A Prefeitura de Juiz de Fora (PJF) tem manifestado diversas a\u00e7\u00f5es para estabelecer a sa\u00fade financeira da cidade e, para isso, disponibilizou no Portal um\u00a0<a href=\"https:\/\/juizdefora.spa.coreplan.com.br\/portal\"><b>link<\/b><\/a> para cadastro, a fim de garantir benef\u00edcios aos cidad\u00e3os e atualizar seu banco de dados. Segundo informa\u00e7\u00f5es do site da Prefeitura de Juiz de Fora, a campanha come\u00e7ou no dia 31 de maio deste ano e os descontos ser\u00e3o aplicados somente para aqueles que se cadastrarem.<\/p>\n<p>\u201cEsse cadastro \u00e9 para todos os cidad\u00e3os de Juiz de Fora, e, nesse momento, nosso foco \u00e9 naqueles que pagam seu IPTU em dia. Contribuintes que tinham d\u00e9bitos com o munic\u00edpio fizeram as negocia\u00e7\u00f5es na anistia e se cadastraram. Mas aqueles que pagam em dia tamb\u00e9m precisam realizar acessar o site para terem desconto no IPTU no ano que vem\u201d, afirma a secret\u00e1ria da Fazenda, Fernanda Finotti.<\/p>\n<p>Para solicitar a isen\u00e7\u00e3o e tamb\u00e9m para fazer jus aos descontos concedidos pelo executivo nos valores devidos em 2022, como o IPTU \u00e0 vista, cada indiv\u00edduo dever\u00e1 acessar\u00a0<a href=\"https:\/\/juizdefora.spa.coreplan.com.br\/portal\"><b>este link<\/b><\/a>\u00a0e preencher com seus dados pessoais. Feito isso, o cadastro estar\u00e1 completo e, em 2022, ser\u00e1 poss\u00edvel pagar o IPTU com desconto. O link ficar\u00e1 dispon\u00edvel at\u00e9 o dia 30 de setembro.<\/p>\n<p><b>Agendamento presencial<\/b><\/p>\n<p>O atendimento on-line foi feito para desburocratizar e facilitar a vida do contribuinte pela internet e conceder ao cidad\u00e3o seguran\u00e7a durante a pandemia, al\u00e9m de comodidade, para evitar que o contribuinte tenha que se deslocar para fazer um atendimento. Por\u00e9m, entendemos que nem todos os cidad\u00e3os t\u00eam acesso \u00e0 internet e, por isso, criamos esse posto de atendimento no Procon. Para solicitar esse atendimento presencial, \u00e9 necess\u00e1rio realizar um agendamento no espa\u00e7o cidad\u00e3o das 8h \u00e0s 14h, de segunda a sexta-feira. As vagas di\u00e1rias s\u00e3o limitadas.<\/p>\n<p>O espa\u00e7o cidad\u00e3o funciona na Avenida Rio Branco, 1.851, esquina com a Rua Afonso Pinto da Mota.<\/p>\n","protected":false},"excerpt":{"rendered":"<p>A Prefeitura de Juiz de Fora (PJF) tem manifestado diversas a\u00e7\u00f5es para estabelecer a sa\u00fade financeira da cidade e, para isso, disponibilizou no Portal um\u00a0link para cadastro, a fim de garantir benef\u00edcios aos cidad\u00e3os e atualizar seu banco de dados. Segundo informa\u00e7\u00f5es do site da Prefeitura de Juiz de Fora, a campanha come\u00e7ou no dia [&hellip;]<\/p>\n","protected":false},"author":246,"featured_media":187573,"comment_status":"closed","ping_status":"closed","sticky":false,"template":"","format":"standard","meta":{"footnotes":""},"categories":[253,436,439],"tags":[],"class_list":["post-187572","post","type-post","status-publish","format-standard","has-post-thumbnail","hentry","category-cidade","category-destaque-da-semana","category-ultima-hora"],"_links":{"self":[{"href":"https:\/\/diarioregionaldigital.com.br\/index.php?rest_route=\/wp\/v2\/posts\/187572","targetHints":{"allow":["GET"]}}],"collection":[{"href":"https:\/\/diarioregionaldigital.com.br\/index.php?rest_route=\/wp\/v2\/posts"}],"about":[{"href":"https:\/\/diarioregionaldigital.com.br\/index.php?rest_route=\/wp\/v2\/types\/post"}],"author":[{"embeddable":true,"href":"https:\/\/diarioregionaldigital.com.br\/index.php?rest_route=\/wp\/v2\/users\/246"}],"replies":[{"embeddable":true,"href":"https:\/\/diarioregionaldigital.com.br\/index.php?rest_route=%2Fwp%2Fv2%2Fcomments&post=187572"}],"version-history":[{"count":1,"href":"https:\/\/diarioregionaldigital.com.br\/index.php?rest_route=\/wp\/v2\/posts\/187572\/revisions"}],"predecessor-version":[{"id":187574,"href":"https:\/\/diarioregionaldigital.com.br\/index.php?rest_route=\/wp\/v2\/posts\/187572\/revisions\/187574"}],"wp:featuredmedia":[{"embeddable":true,"href":"https:\/\/diarioregionaldigital.com.br\/index.php?rest_route=\/wp\/v2\/media\/187573"}],"wp:attachment":[{"href":"https:\/\/diarioregionaldigital.com.br\/index.php?rest_route=%2Fwp%2Fv2%2Fmedia&parent=187572"}],"wp:term":[{"taxonomy":"category","embeddable":true,"href":"https:\/\/diarioregionaldigital.com.br\/index.php?rest_route=%2Fwp%2Fv2%2Fcategories&post=187572"},{"taxonomy":"post_tag","embeddable":true,"href":"https:\/\/diarioregionaldigital.com.br\/index.php?rest_route=%2Fwp%2Fv2%2Ftags&post=187572"}],"curies":[{"name":"wp","href":"https:\/\/api.w.org\/{rel}","templated":true}]}}