{"id":187566,"date":"2021-08-27T19:22:09","date_gmt":"2021-08-27T22:22:09","guid":{"rendered":"https:\/\/diarioregionaldigital.com.br\/?p=187566"},"modified":"2021-08-27T19:22:09","modified_gmt":"2021-08-27T22:22:09","slug":"secretaria-avalia-condicoes-de-ensino-hibrido-nas-escolas-da-zona-rural","status":"publish","type":"post","link":"https:\/\/diarioregionaldigital.com.br\/?p=187566","title":{"rendered":"Secret\u00e1ria avalia condi\u00e7\u00f5es de ensino h\u00edbrido nas escolas da Zona Rural"},"content":{"rendered":"<p>A secret\u00e1ria de Educa\u00e7\u00e3o, N\u00e1dia Ribas, visitou esta semana nove escolas da rede municipal de ensino. At\u00e9 o momento, 90 das 101 unidades tiveram a presen\u00e7a do gabinete da Secretaria de Educa\u00e7\u00e3o (SE) da Prefeitura de Juiz de Fora (PJF) este ano.<\/p>\n<p>Segundo informa\u00e7\u00f5es do site da Prefeitura de Juiz de Fora, nas visitas s\u00e3o observados os trabalhos que est\u00e3o sendo desenvolvidos pelas escolas e creches no contexto da pandemia, al\u00e9m de obras e adequa\u00e7\u00f5es na estrutura f\u00edsica das institui\u00e7\u00f5es para um retorno \u00e0s atividades de ensino presenciais de forma mais segura. Os encontros s\u00e3o utilizados tamb\u00e9m para uma discuss\u00e3o pedag\u00f3gica mais direta com os gestores das escolas. No momento, o foco das visitas est\u00e1 direcionado para as escolas da Zona Rural.<\/p>\n<p>A secret\u00e1ria N\u00e1dia Ribas falou sobre a retomada de visitas ap\u00f3s o per\u00edodo do recesso escolar de julho. \u201cEssa retomada de visitas tem um sabor diferenciado, porque no primeiro semestre eu cheguei e as escolas estavam fazendo obras e, neste momento, eu vejo que as escolas est\u00e3o com obras conclu\u00eddas ou em processo final de conclus\u00e3o para o ensino h\u00edbrido. \u00c9 muito bom verificar que todos os profissionais est\u00e3o trabalhando com afinco para que tenhamos um retorno presencial seguro de fato. Al\u00e9m disso, \u00e9 importante ressaltar o empenho de v\u00e1rias secretarias da Prefeitura que realizam um trabalho brilhante, como por exemplo o projeto Boniteza realizado pela Empav, que est\u00e1 sendo feito em nossas escolas para o retorno de atividades presenciais\u201d.<\/p>\n<p>Equipes t\u00e9cnicas da SE tamb\u00e9m est\u00e3o percorrendo escolas municipais e creches parceiras, orientando as equipes das institui\u00e7\u00f5es. Esse processo de aproxima\u00e7\u00e3o, di\u00e1logo e escuta atenta da SE, tem gerado bons resultados para as unidades.<\/p>\n","protected":false},"excerpt":{"rendered":"<p>A secret\u00e1ria de Educa\u00e7\u00e3o, N\u00e1dia Ribas, visitou esta semana nove escolas da rede municipal de ensino. At\u00e9 o momento, 90 das 101 unidades tiveram a presen\u00e7a do gabinete da Secretaria de Educa\u00e7\u00e3o (SE) da Prefeitura de Juiz de Fora (PJF) este ano. Segundo informa\u00e7\u00f5es do site da Prefeitura de Juiz de Fora, nas visitas s\u00e3o [&hellip;]<\/p>\n","protected":false},"author":246,"featured_media":187567,"comment_status":"closed","ping_status":"closed","sticky":false,"template":"","format":"standard","meta":{"footnotes":""},"categories":[253,436,439],"tags":[],"class_list":["post-187566","post","type-post","status-publish","format-standard","has-post-thumbnail","hentry","category-cidade","category-destaque-da-semana","category-ultima-hora"],"_links":{"self":[{"href":"https:\/\/diarioregionaldigital.com.br\/index.php?rest_route=\/wp\/v2\/posts\/187566","targetHints":{"allow":["GET"]}}],"collection":[{"href":"https:\/\/diarioregionaldigital.com.br\/index.php?rest_route=\/wp\/v2\/posts"}],"about":[{"href":"https:\/\/diarioregionaldigital.com.br\/index.php?rest_route=\/wp\/v2\/types\/post"}],"author":[{"embeddable":true,"href":"https:\/\/diarioregionaldigital.com.br\/index.php?rest_route=\/wp\/v2\/users\/246"}],"replies":[{"embeddable":true,"href":"https:\/\/diarioregionaldigital.com.br\/index.php?rest_route=%2Fwp%2Fv2%2Fcomments&post=187566"}],"version-history":[{"count":1,"href":"https:\/\/diarioregionaldigital.com.br\/index.php?rest_route=\/wp\/v2\/posts\/187566\/revisions"}],"predecessor-version":[{"id":187568,"href":"https:\/\/diarioregionaldigital.com.br\/index.php?rest_route=\/wp\/v2\/posts\/187566\/revisions\/187568"}],"wp:featuredmedia":[{"embeddable":true,"href":"https:\/\/diarioregionaldigital.com.br\/index.php?rest_route=\/wp\/v2\/media\/187567"}],"wp:attachment":[{"href":"https:\/\/diarioregionaldigital.com.br\/index.php?rest_route=%2Fwp%2Fv2%2Fmedia&parent=187566"}],"wp:term":[{"taxonomy":"category","embeddable":true,"href":"https:\/\/diarioregionaldigital.com.br\/index.php?rest_route=%2Fwp%2Fv2%2Fcategories&post=187566"},{"taxonomy":"post_tag","embeddable":true,"href":"https:\/\/diarioregionaldigital.com.br\/index.php?rest_route=%2Fwp%2Fv2%2Ftags&post=187566"}],"curies":[{"name":"wp","href":"https:\/\/api.w.org\/{rel}","templated":true}]}}