{"id":187562,"date":"2021-08-27T19:18:46","date_gmt":"2021-08-27T22:18:46","guid":{"rendered":"https:\/\/diarioregionaldigital.com.br\/?p=187562"},"modified":"2021-08-27T19:18:46","modified_gmt":"2021-08-27T22:18:46","slug":"atendimento-no-departamento-de-atencao-ao-cidadao-segue-suspenso-na-segunda-30","status":"publish","type":"post","link":"https:\/\/diarioregionaldigital.com.br\/?p=187562","title":{"rendered":"Atendimento no Departamento de Aten\u00e7\u00e3o ao Cidad\u00e3o segue suspenso na segunda, 30"},"content":{"rendered":"<p>Nesta segunda-feira, 30, o atendimento do Departamento de Aten\u00e7\u00e3o ao Cidad\u00e3o, na unidade do Pa\u00e7o Municipal, continua temporariamente suspenso, interrompendo o agendamento e atendimento via WhatsApp, e seu retorno ser\u00e1 em um novo endere\u00e7o. A previs\u00e3o \u00e9 que a partir de ter\u00e7a-feira, dia 31, o atendimento aconte\u00e7a na Avenida Bar\u00e3o do Rio Branco, 1.851, esquina com a Rua Afonso Pinto da Mota, das 8h \u00e0s 18h.<\/p>\n<p>Segundo informa\u00e7\u00f5es do site da Prefeitura de Juiz de Fora, as unidades Centro II, na Avenida Presidente Itamar Franco, 992, no Procon e Regional Norte, na Rua In\u00eas Garcia, 357, Benfica, seguem funcionando normalmente, mediante agendamento, durante esse per\u00edodo.<\/p>\n","protected":false},"excerpt":{"rendered":"<p>Nesta segunda-feira, 30, o atendimento do Departamento de Aten\u00e7\u00e3o ao Cidad\u00e3o, na unidade do Pa\u00e7o Municipal, continua temporariamente suspenso, interrompendo o agendamento e atendimento via WhatsApp, e seu retorno ser\u00e1 em um novo endere\u00e7o. A previs\u00e3o \u00e9 que a partir de ter\u00e7a-feira, dia 31, o atendimento aconte\u00e7a na Avenida Bar\u00e3o do Rio Branco, 1.851, esquina [&hellip;]<\/p>\n","protected":false},"author":246,"featured_media":187563,"comment_status":"closed","ping_status":"closed","sticky":false,"template":"","format":"standard","meta":{"footnotes":""},"categories":[253,440,439],"tags":[],"class_list":["post-187562","post","type-post","status-publish","format-standard","has-post-thumbnail","hentry","category-cidade","category-destaques-do-dia","category-ultima-hora"],"_links":{"self":[{"href":"https:\/\/diarioregionaldigital.com.br\/index.php?rest_route=\/wp\/v2\/posts\/187562","targetHints":{"allow":["GET"]}}],"collection":[{"href":"https:\/\/diarioregionaldigital.com.br\/index.php?rest_route=\/wp\/v2\/posts"}],"about":[{"href":"https:\/\/diarioregionaldigital.com.br\/index.php?rest_route=\/wp\/v2\/types\/post"}],"author":[{"embeddable":true,"href":"https:\/\/diarioregionaldigital.com.br\/index.php?rest_route=\/wp\/v2\/users\/246"}],"replies":[{"embeddable":true,"href":"https:\/\/diarioregionaldigital.com.br\/index.php?rest_route=%2Fwp%2Fv2%2Fcomments&post=187562"}],"version-history":[{"count":1,"href":"https:\/\/diarioregionaldigital.com.br\/index.php?rest_route=\/wp\/v2\/posts\/187562\/revisions"}],"predecessor-version":[{"id":187564,"href":"https:\/\/diarioregionaldigital.com.br\/index.php?rest_route=\/wp\/v2\/posts\/187562\/revisions\/187564"}],"wp:featuredmedia":[{"embeddable":true,"href":"https:\/\/diarioregionaldigital.com.br\/index.php?rest_route=\/wp\/v2\/media\/187563"}],"wp:attachment":[{"href":"https:\/\/diarioregionaldigital.com.br\/index.php?rest_route=%2Fwp%2Fv2%2Fmedia&parent=187562"}],"wp:term":[{"taxonomy":"category","embeddable":true,"href":"https:\/\/diarioregionaldigital.com.br\/index.php?rest_route=%2Fwp%2Fv2%2Fcategories&post=187562"},{"taxonomy":"post_tag","embeddable":true,"href":"https:\/\/diarioregionaldigital.com.br\/index.php?rest_route=%2Fwp%2Fv2%2Ftags&post=187562"}],"curies":[{"name":"wp","href":"https:\/\/api.w.org\/{rel}","templated":true}]}}