{"id":187556,"date":"2021-08-27T19:13:05","date_gmt":"2021-08-27T22:13:05","guid":{"rendered":"https:\/\/diarioregionaldigital.com.br\/?p=187556"},"modified":"2021-08-27T19:13:05","modified_gmt":"2021-08-27T22:13:05","slug":"paralimpiada-volei-feminino-brasileiro-estreia-com-vitoria-em-toquio","status":"publish","type":"post","link":"https:\/\/diarioregionaldigital.com.br\/?p=187556","title":{"rendered":"Paralimp\u00edada: v\u00f4lei feminino brasileiro estreia com vit\u00f3ria em T\u00f3quio"},"content":{"rendered":"<p>A sele\u00e7\u00e3o brasileira\u00a0feminina\u00a0de v\u00f4lei sentado\u00a0estreou na Paralimp\u00edada de T\u00f3quio nesta\u00a0sexta-feira (27) com vit\u00f3ria. As brasileiras derrotaram o Canad\u00e1\u00a0por sets\u00a03\u00a0a\u00a02.\u00a0Os confrontos da modalidade\u00a0est\u00e3o sendo\u00a0disputados na\u00a0Centro de Conven\u00e7\u00f5es\u00a0Makuhari\u00a0Messe,\u00a0na cidade Chiba.<img decoding=\"async\" src=\"https:\/\/agenciabrasil.ebc.com.br\/ebc.png?id=1419789&amp;o=node\" \/><img decoding=\"async\" src=\"https:\/\/agenciabrasil.ebc.com.br\/ebc.gif?id=1419789&amp;o=node\" \/><\/p>\n<p>As brasileiras foram surpreendidas no primeiro set, sendo derrotadas por 25 a 21. Entretanto, no\u00a0segundo e terceiro\u00a0sets\u00a0reagiram e venceram por\u00a026\u00a0a\u00a024\u00a0e\u00a025 a\u00a020. No quarto set, as canadenses empataram o marcador, vencendo a parcial por\u00a029 a 27.\u00a0Em disputa acirrada no quinto e \u00faltimo set, o Brasil confirmou o favoritismo e venceu\u00a0por\u00a017\u00a0a\u00a015.<\/p>\n<p>O pr\u00f3ximo compromisso da sele\u00e7\u00e3o verde-amarela ser\u00e1 contra o Jap\u00e3o. A partida ser\u00e1 disputada neste\u00a0domingo\u00a0(29), \u00e0s 8h30 (hor\u00e1rio de Bras\u00edlia). J\u00e1 o \u00faltimo duelo do grupo ser\u00e1 na\u00a0ter\u00e7a-feira (31), contra a It\u00e1lia \u00e0s 22h (hor\u00e1rio de Bras\u00edlia).<\/p>\n<p>Na\u00a0outra\u00a0chave\u00a0competem\u00a0China, Estados Unidos, Comit\u00ea Paral\u00edmpico Russo e Ruanda. Os dois primeiros de cada\u00a0grupo avan\u00e7am \u00e0s semifinais.<\/p>\n<p><strong>Sobre as atletas da modalidade<\/strong><\/p>\n<p>As seis jogadoras\u00a0s\u00e3o divididas\u00a0em\u00a0duas classes, VS1 e VS2,\u00a0que variam de acordo com\u00a0o grau de defici\u00eancia.\u00a0A VS1 \u00e9 composta por atletas\u00a0amputadas ou com maior limita\u00e7\u00e3o na locomo\u00e7\u00e3o.\u00a0Na VS2 se encontram as demais,\u00a0que t\u00eam menor\u00a0comprometimento f\u00edsico-motor. Cada\u00a0sele\u00e7\u00e3o\u00a0s\u00f3 pode\u00a0ter\u00a0duas\u00a0VS2 no elenco, sendo que elas\u00a0n\u00e3o podem estar ao mesmo tempo na quadra.<\/p>\n<p><strong>Bronze na Rio 2016<\/strong><\/p>\n<p>O\u00a0v\u00f4lei sentado feminino do Brasil\u00a0participa em Paralimp\u00edadas desde os Jogos de\u00a0Londres\u00a02012. Entretanto, a primeira\u00a0e\u00a0\u00fanica medalha foi conquistada na Rio 2016, quando a equipe brasileira\u00a0colocou a medalha de bronze no peito.<\/p>\n<p><span style=\"font-weight: 400;\">Fonte: Ag\u00eancia Brasil <\/span><\/p>\n","protected":false},"excerpt":{"rendered":"<p>A sele\u00e7\u00e3o brasileira\u00a0feminina\u00a0de v\u00f4lei sentado\u00a0estreou na Paralimp\u00edada de T\u00f3quio nesta\u00a0sexta-feira (27) com vit\u00f3ria. As brasileiras derrotaram o Canad\u00e1\u00a0por sets\u00a03\u00a0a\u00a02.\u00a0Os confrontos da modalidade\u00a0est\u00e3o sendo\u00a0disputados na\u00a0Centro de Conven\u00e7\u00f5es\u00a0Makuhari\u00a0Messe,\u00a0na cidade Chiba. As brasileiras foram surpreendidas no primeiro set, sendo derrotadas por 25 a 21. Entretanto, no\u00a0segundo e terceiro\u00a0sets\u00a0reagiram e venceram por\u00a026\u00a0a\u00a024\u00a0e\u00a025 a\u00a020. No quarto set, as canadenses empataram [&hellip;]<\/p>\n","protected":false},"author":246,"featured_media":187557,"comment_status":"closed","ping_status":"closed","sticky":false,"template":"","format":"standard","meta":{"footnotes":""},"categories":[436,257,439],"tags":[],"class_list":["post-187556","post","type-post","status-publish","format-standard","has-post-thumbnail","hentry","category-destaque-da-semana","category-esporte","category-ultima-hora"],"_links":{"self":[{"href":"https:\/\/diarioregionaldigital.com.br\/index.php?rest_route=\/wp\/v2\/posts\/187556","targetHints":{"allow":["GET"]}}],"collection":[{"href":"https:\/\/diarioregionaldigital.com.br\/index.php?rest_route=\/wp\/v2\/posts"}],"about":[{"href":"https:\/\/diarioregionaldigital.com.br\/index.php?rest_route=\/wp\/v2\/types\/post"}],"author":[{"embeddable":true,"href":"https:\/\/diarioregionaldigital.com.br\/index.php?rest_route=\/wp\/v2\/users\/246"}],"replies":[{"embeddable":true,"href":"https:\/\/diarioregionaldigital.com.br\/index.php?rest_route=%2Fwp%2Fv2%2Fcomments&post=187556"}],"version-history":[{"count":1,"href":"https:\/\/diarioregionaldigital.com.br\/index.php?rest_route=\/wp\/v2\/posts\/187556\/revisions"}],"predecessor-version":[{"id":187558,"href":"https:\/\/diarioregionaldigital.com.br\/index.php?rest_route=\/wp\/v2\/posts\/187556\/revisions\/187558"}],"wp:featuredmedia":[{"embeddable":true,"href":"https:\/\/diarioregionaldigital.com.br\/index.php?rest_route=\/wp\/v2\/media\/187557"}],"wp:attachment":[{"href":"https:\/\/diarioregionaldigital.com.br\/index.php?rest_route=%2Fwp%2Fv2%2Fmedia&parent=187556"}],"wp:term":[{"taxonomy":"category","embeddable":true,"href":"https:\/\/diarioregionaldigital.com.br\/index.php?rest_route=%2Fwp%2Fv2%2Fcategories&post=187556"},{"taxonomy":"post_tag","embeddable":true,"href":"https:\/\/diarioregionaldigital.com.br\/index.php?rest_route=%2Fwp%2Fv2%2Ftags&post=187556"}],"curies":[{"name":"wp","href":"https:\/\/api.w.org\/{rel}","templated":true}]}}