{"id":187553,"date":"2021-08-27T19:11:13","date_gmt":"2021-08-27T22:11:13","guid":{"rendered":"https:\/\/diarioregionaldigital.com.br\/?p=187553"},"modified":"2021-08-27T19:11:13","modified_gmt":"2021-08-27T22:11:13","slug":"tenis-de-mesa-pais-garante-2-bronzes-com-bruna-e-catia-nas-semifinais","status":"publish","type":"post","link":"https:\/\/diarioregionaldigital.com.br\/?p=187553","title":{"rendered":"T\u00eanis de mesa: pa\u00eds garante 2 bronzes com Bruna e C\u00e1tia nas semifinais"},"content":{"rendered":"<p>O Brasil garantiu ao menos duas medalhas de bronze no t\u00eanis de mesa na Paralimp\u00edada de T\u00f3quio (Jap\u00e3o) com a classifica\u00e7\u00e3o da paulista C\u00e1tia Oliveira e da catarinense Bruna Alexandre \u00e0s semifinais individuais. A primeira a avan\u00e7ar foi C\u00e1tia, ao derrotar a italiana Giada Rossi, n\u00famero 1 do mundo, por 3 sets a 0, no individual feminino da classe 1-2 (cadeirantes).\u00a0<img decoding=\"async\" src=\"https:\/\/agenciabrasil.ebc.com.br\/ebc.png?id=1419817&amp;o=node\" \/><img decoding=\"async\" src=\"https:\/\/agenciabrasil.ebc.com.br\/ebc.gif?id=1419817&amp;o=node\" \/><\/p>\n<p>A paulista, de 30 anos, disputa a a semi \u00e0 0h20 (hor\u00e1rio de Bras\u00edlia) deste s\u00e1bado (28) contra a sul-coreana Su Yeon Seo, atual campe\u00e3 mundial e vice-campe\u00e3 ol\u00edmpica. A partida ser\u00e1 no Gin\u00e1sio Metropolitano da capital japonesa. Se levar a melhor, a paulista disputar\u00e1 o ouro na sequ\u00eancia, \u00e0s 7h15.<\/p>\n<p>\u201cEstava bem nervosa depois da derrota que tive no jogo da fase de grupos. Mas consegui colocar a cabe\u00e7a no lugar, entrei bem focada, com a estrat\u00e9gia bem acertada. Ainda n\u00e3o acabou. Amanh\u00e3 tem outra pedreira. Vamos passo por passo, jogo por jogo\u201d, disse a brasileira, vice-campe\u00e3 mundial na classe 2, em depoimento \u00e0 Confedera\u00e7\u00e3o Brasileira de T\u00eanis de Mesa (CBTM).<\/p>\n<p>Quem tamb\u00e9m disputa a semi, a partir de 1h40 deste s\u00e1bado (28), \u00e9 Bruna Alexandre, cuja advers\u00e1ria ainda n\u00e3o est\u00e1 definida. Se vencer, a catarinense ter\u00e1 pela frente na final quem ganhar no confronto entre Tien Shiau Wen (Taiwan) e Merve Demir (Turquia). A decis\u00e3o do ouro ser\u00e1 \u00e0s 6h45 de segunda -feira (30).<\/p>\n<p>Ap\u00f3s a vit\u00f3ria na estreia ontem (26), tamb\u00e9m por 3 sets a 0, Bruna Alexandre, de 26 anos, avan\u00e7ou direto \u00e0 semi, ao ficar em primeiro lugar no Grupo B ap\u00f3s ganhar nesta manh\u00e3 da taiwanesa Lin Tzu Yu, por 3 a 0 (11\/8, 11\/8 e 11\/7),\u00a0 na classe 10 (andantes).\u00a0 A catarinense j\u00e1 coleciona duas medalhas paral\u00edmpicas &#8211; bronze individual e por equipes &#8211; conquistadas na Rio 2016.<\/p>\n<p>\u201cNo Aberto da China, eu tomei um sarrafo dela [Lin Tzu Yu], perdi por 3 a 0! E hoje eu vi o quanto eu evolu\u00ed. Estou muito feliz\u201d, vibrou a catarinense de Crici\u00fama.<\/p>\n<p>O paulista Carlos Carbinatti, da classe 10 (andantes), segue com chances de classifica\u00e7\u00e3o \u00e0 fase eliminat\u00f3ria, embora tenha perdido nesta madrugada para o austr\u00edaco Krisztian Gardos, por 3 a 1 (11\/6, 9\/11, 5\/11 e 9\/11), na \u00faltima rodada do grupo D.<\/p>\n<p><strong>Adeus ao torneio individual<\/strong><\/p>\n<p>Ap\u00f3s tr\u00eas vit\u00f3rias consecutivas, o paulista Israel Stroh, da classe 7 (andantes), n\u00e3o tem mais chances de medalha na disputa individual masculina. Ele foi superado\u00a0na manh\u00e3 de hoje (27) pelo\u00a0chin\u00eas Liao Keli, n\u00famero quatro do mundo, por 3 sets a 1 (11\/9, 3\/11, 3\/11 e 3\/11), em confronto pelas quartas de final.<\/p>\n<p>Outro paulista, Paulo Salmin, foi eliminado nas oitavas de final da classe 7 (andantes), ap\u00f3s derrota para o alem\u00e3o Bjoern Schnake, por 3 a 0 (10\/12, 3\/11 e 9\/11).<\/p>\n<p>O cearense David Freitas, da classe 3 (cadeirantes), tamb\u00e9m se despediu hoje (27) ao cair nas oitavas para o franc\u00eas Florian Merrien, que venceu por 3 a 0 (6\/11, 8\/11 e 1\/11).<\/p>\n<p>Na disputa feminina, a paulista Joyce Oliveira, da classe 4 (cadeirante), perdeu nas oitavas para a indiana Bhavinabel Patel, por 3 a 0 (10\/12, 11\/13 e 6\/11), e tamb\u00e9m est\u00e1 fora da competi\u00e7\u00e3o individual.<\/p>\n<p>Quem tamb\u00e9m ficou pelo caminho foi a goiana Millena Fran\u00e7a, da classe 7 (andantes). A mesatenista foi superada pela sul-coreana Kim Seongok, por 3 a 0 (6\/11, 8\/11 e 6\/11), e n\u00e3o avan\u00e7ou para a fase eliminat\u00f3ria.<\/p>\n<p>A catarinense Danielle Rauen, da classe 9 (andantes) tamb\u00e9m se despediu da disputa individual feminina ao perder nesta madrugada para a chinesa Xiong Guiyan, por 3 a 0 (11\/5, 11\/4 e 11\/4). Rauen segue na disputa por equipes, na qual foi bronze na Rio 2016.<\/p>\n<p>Natural de Goi\u00e2nia (GO), Leth\u00edcia Lacerda, da classe 8 (andantes), tamb\u00e9m n\u00e3o se classificou \u00e0 fase seguinte, ao perder por 3 a 1 para a chinesa Huang Wenjuan, com parciais de 6\/11, 11\/8, 1\/11 e 7\/11.<\/p>\n<p><span style=\"font-weight: 400;\">Fonte: Ag\u00eancia Brasil <\/span><\/p>\n","protected":false},"excerpt":{"rendered":"<p>O Brasil garantiu ao menos duas medalhas de bronze no t\u00eanis de mesa na Paralimp\u00edada de T\u00f3quio (Jap\u00e3o) com a classifica\u00e7\u00e3o da paulista C\u00e1tia Oliveira e da catarinense Bruna Alexandre \u00e0s semifinais individuais. A primeira a avan\u00e7ar foi C\u00e1tia, ao derrotar a italiana Giada Rossi, n\u00famero 1 do mundo, por 3 sets a 0, no [&hellip;]<\/p>\n","protected":false},"author":246,"featured_media":187554,"comment_status":"closed","ping_status":"closed","sticky":false,"template":"","format":"standard","meta":{"footnotes":""},"categories":[440,257,439],"tags":[],"class_list":["post-187553","post","type-post","status-publish","format-standard","has-post-thumbnail","hentry","category-destaques-do-dia","category-esporte","category-ultima-hora"],"_links":{"self":[{"href":"https:\/\/diarioregionaldigital.com.br\/index.php?rest_route=\/wp\/v2\/posts\/187553","targetHints":{"allow":["GET"]}}],"collection":[{"href":"https:\/\/diarioregionaldigital.com.br\/index.php?rest_route=\/wp\/v2\/posts"}],"about":[{"href":"https:\/\/diarioregionaldigital.com.br\/index.php?rest_route=\/wp\/v2\/types\/post"}],"author":[{"embeddable":true,"href":"https:\/\/diarioregionaldigital.com.br\/index.php?rest_route=\/wp\/v2\/users\/246"}],"replies":[{"embeddable":true,"href":"https:\/\/diarioregionaldigital.com.br\/index.php?rest_route=%2Fwp%2Fv2%2Fcomments&post=187553"}],"version-history":[{"count":1,"href":"https:\/\/diarioregionaldigital.com.br\/index.php?rest_route=\/wp\/v2\/posts\/187553\/revisions"}],"predecessor-version":[{"id":187555,"href":"https:\/\/diarioregionaldigital.com.br\/index.php?rest_route=\/wp\/v2\/posts\/187553\/revisions\/187555"}],"wp:featuredmedia":[{"embeddable":true,"href":"https:\/\/diarioregionaldigital.com.br\/index.php?rest_route=\/wp\/v2\/media\/187554"}],"wp:attachment":[{"href":"https:\/\/diarioregionaldigital.com.br\/index.php?rest_route=%2Fwp%2Fv2%2Fmedia&parent=187553"}],"wp:term":[{"taxonomy":"category","embeddable":true,"href":"https:\/\/diarioregionaldigital.com.br\/index.php?rest_route=%2Fwp%2Fv2%2Fcategories&post=187553"},{"taxonomy":"post_tag","embeddable":true,"href":"https:\/\/diarioregionaldigital.com.br\/index.php?rest_route=%2Fwp%2Fv2%2Ftags&post=187553"}],"curies":[{"name":"wp","href":"https:\/\/api.w.org\/{rel}","templated":true}]}}