{"id":187290,"date":"2021-08-23T17:32:41","date_gmt":"2021-08-23T20:32:41","guid":{"rendered":"https:\/\/diarioregionaldigital.com.br\/?p=187290"},"modified":"2021-08-23T17:32:41","modified_gmt":"2021-08-23T20:32:41","slug":"flamengo-apresenta-novo-reforco-e-dirigente-fala-sobre-arrascaeta","status":"publish","type":"post","link":"https:\/\/diarioregionaldigital.com.br\/?p=187290","title":{"rendered":"Flamengo apresenta novo refor\u00e7o e dirigente fala sobre Arrascaeta"},"content":{"rendered":"<p>Filho de brasileiros, o belga Andreas Pereira foi oficialmente apresentado pelo Flamengo nesta segunda-feira (23). O jogador de 25 anos \u00e9 meio-campista e veio emprestado do Manchester United (Inglaterra). J\u00e1 regularizado e bem fisicamente, Andreas quer estrear na pr\u00f3xima\u00a0<img decoding=\"async\" src=\"https:\/\/agenciabrasil.ebc.com.br\/ebc.png?id=1419280&amp;o=node\" \/><img decoding=\"async\" src=\"https:\/\/agenciabrasil.ebc.com.br\/ebc.gif?id=1419280&amp;o=node\" \/><span id=\"OBJ_PREFIX_DWT85_com_zimbra_date\" role=\"link\">quarta\u00a0<img decoding=\"async\" src=\"https:\/\/agenciabrasil.ebc.com.br\/ebc.png?id=1419280&amp;o=node\" \/><img decoding=\"async\" src=\"https:\/\/agenciabrasil.ebc.com.br\/ebc.gif?id=1419280&amp;o=node\" \/>(25)<\/span>, quando o Flamengo vai at\u00e9 Porto Alegre enfrentar o Gr\u00eamio pelas quartas de final da Copa do Brasil.<\/p>\n<p>\u201cClaro, gostaria muito. Eu vim aqui para agregar ao grupo e fazer o meu melhor\u201d, comentou o meio-campista.<\/p>\n<p>Durante a apresenta\u00e7\u00e3o de Andreas, o vice de Futebol do Flamengo, Marcos Braz, aproveitou para falar sobre a renova\u00e7\u00e3o de contrato do craque\u00a0<img decoding=\"async\" src=\"https:\/\/agenciabrasil.ebc.com.br\/ebc.png?id=1419280&amp;o=node\" \/><img decoding=\"async\" src=\"https:\/\/agenciabrasil.ebc.com.br\/ebc.gif?id=1419280&amp;o=node\" \/>Arrascaeta. \u201cMesmo faltando dois anos e meio de contrato, o Fla se coloca para fazer um novo v\u00ednculo de cinco anos. Tem que\u00a0<img decoding=\"async\" src=\"https:\/\/agenciabrasil.ebc.com.br\/ebc.png?id=1419280&amp;o=node\" \/><img decoding=\"async\" src=\"https:\/\/agenciabrasil.ebc.com.br\/ebc.gif?id=1419280&amp;o=node\" \/><span id=\"OBJ_PREFIX_DWT86_com_zimbra_date\" role=\"link\">ter<\/span>\u00a0<img decoding=\"async\" src=\"https:\/\/agenciabrasil.ebc.com.br\/ebc.png?id=1419280&amp;o=node\" \/><img decoding=\"async\" src=\"https:\/\/agenciabrasil.ebc.com.br\/ebc.gif?id=1419280&amp;o=node\" \/>calma e n\u00e3o tenho d\u00favida que vamos resolver esse problema\u201d.<\/p>\n<p>Com desconforto muscular, Arrascaeta n\u00e3o jogou no \u00faltimo\u00a0<img decoding=\"async\" src=\"https:\/\/agenciabrasil.ebc.com.br\/ebc.png?id=1419280&amp;o=node\" \/><img decoding=\"async\" src=\"https:\/\/agenciabrasil.ebc.com.br\/ebc.gif?id=1419280&amp;o=node\" \/><span id=\"OBJ_PREFIX_DWT87_com_zimbra_date\" role=\"link\">domingo (22)<\/span>\u00a0<img decoding=\"async\" src=\"https:\/\/agenciabrasil.ebc.com.br\/ebc.png?id=1419280&amp;o=node\" \/><img decoding=\"async\" src=\"https:\/\/agenciabrasil.ebc.com.br\/ebc.gif?id=1419280&amp;o=node\" \/>no empate em 1 a 1 com o Cear\u00e1. Para\u00a0<img decoding=\"async\" src=\"https:\/\/agenciabrasil.ebc.com.br\/ebc.png?id=1419280&amp;o=node\" \/><img decoding=\"async\" src=\"https:\/\/agenciabrasil.ebc.com.br\/ebc.gif?id=1419280&amp;o=node\" \/><span id=\"OBJ_PREFIX_DWT88_com_zimbra_date\" role=\"link\">quarta<\/span>\u00a0<img decoding=\"async\" src=\"https:\/\/agenciabrasil.ebc.com.br\/ebc.png?id=1419280&amp;o=node\" \/><img decoding=\"async\" src=\"https:\/\/agenciabrasil.ebc.com.br\/ebc.gif?id=1419280&amp;o=node\" \/>contra o Gr\u00eamio, o uruguaio ainda \u00e9 d\u00favida.<\/p>\n<p><span style=\"font-weight: 400;\">Fonte: Ag\u00eancia Brasil <\/span><\/p>\n","protected":false},"excerpt":{"rendered":"<p>Filho de brasileiros, o belga Andreas Pereira foi oficialmente apresentado pelo Flamengo nesta segunda-feira (23). O jogador de 25 anos \u00e9 meio-campista e veio emprestado do Manchester United (Inglaterra). J\u00e1 regularizado e bem fisicamente, Andreas quer estrear na pr\u00f3xima\u00a0quarta\u00a0(25), quando o Flamengo vai at\u00e9 Porto Alegre enfrentar o Gr\u00eamio pelas quartas de final da Copa [&hellip;]<\/p>\n","protected":false},"author":246,"featured_media":187291,"comment_status":"closed","ping_status":"closed","sticky":false,"template":"","format":"standard","meta":{"footnotes":""},"categories":[440,257,439],"tags":[],"class_list":["post-187290","post","type-post","status-publish","format-standard","has-post-thumbnail","hentry","category-destaques-do-dia","category-esporte","category-ultima-hora"],"_links":{"self":[{"href":"https:\/\/diarioregionaldigital.com.br\/index.php?rest_route=\/wp\/v2\/posts\/187290","targetHints":{"allow":["GET"]}}],"collection":[{"href":"https:\/\/diarioregionaldigital.com.br\/index.php?rest_route=\/wp\/v2\/posts"}],"about":[{"href":"https:\/\/diarioregionaldigital.com.br\/index.php?rest_route=\/wp\/v2\/types\/post"}],"author":[{"embeddable":true,"href":"https:\/\/diarioregionaldigital.com.br\/index.php?rest_route=\/wp\/v2\/users\/246"}],"replies":[{"embeddable":true,"href":"https:\/\/diarioregionaldigital.com.br\/index.php?rest_route=%2Fwp%2Fv2%2Fcomments&post=187290"}],"version-history":[{"count":2,"href":"https:\/\/diarioregionaldigital.com.br\/index.php?rest_route=\/wp\/v2\/posts\/187290\/revisions"}],"predecessor-version":[{"id":187293,"href":"https:\/\/diarioregionaldigital.com.br\/index.php?rest_route=\/wp\/v2\/posts\/187290\/revisions\/187293"}],"wp:featuredmedia":[{"embeddable":true,"href":"https:\/\/diarioregionaldigital.com.br\/index.php?rest_route=\/wp\/v2\/media\/187291"}],"wp:attachment":[{"href":"https:\/\/diarioregionaldigital.com.br\/index.php?rest_route=%2Fwp%2Fv2%2Fmedia&parent=187290"}],"wp:term":[{"taxonomy":"category","embeddable":true,"href":"https:\/\/diarioregionaldigital.com.br\/index.php?rest_route=%2Fwp%2Fv2%2Fcategories&post=187290"},{"taxonomy":"post_tag","embeddable":true,"href":"https:\/\/diarioregionaldigital.com.br\/index.php?rest_route=%2Fwp%2Fv2%2Ftags&post=187290"}],"curies":[{"name":"wp","href":"https:\/\/api.w.org\/{rel}","templated":true}]}}