{"id":187287,"date":"2021-08-23T17:28:01","date_gmt":"2021-08-23T20:28:01","guid":{"rendered":"https:\/\/diarioregionaldigital.com.br\/?p=187287"},"modified":"2021-08-23T17:28:01","modified_gmt":"2021-08-23T20:28:01","slug":"campanha-educativa-distribui-um-milhao-de-mascaras-em-quatro-meses","status":"publish","type":"post","link":"https:\/\/diarioregionaldigital.com.br\/?p=187287","title":{"rendered":"Campanha educativa distribui um milh\u00e3o de m\u00e1scaras em quatro meses"},"content":{"rendered":"<p>O\u00a0<a href=\"https:\/\/www.mg.gov.br\/\" target=\"_blank\" rel=\"noopener\">Governo de Minas Gerais<\/a>\u00a0iniciou em abril, como parte do plano\u00a0<a href=\"https:\/\/www.mg.gov.br\/minasconsciente\" target=\"_blank\" rel=\"noopener\">Minas Consciente<\/a>, uma campanha de conscientiza\u00e7\u00e3o e distribui\u00e7\u00e3o de m\u00e1scaras. A estrat\u00e9gia,\u00a0planejada pela\u00a0<a href=\"http:\/\/www.fjp.mg.gov.br\/\" target=\"_blank\" rel=\"noopener\">Funda\u00e7\u00e3o Jo\u00e3o Pinheiro (FJP)<\/a>, com apoio do Laborat\u00f3rio de Inova\u00e7\u00e3o em Governo (LAB.mg), est\u00e1 focada em a\u00e7\u00f5es educativas sobre o uso deste equipamento de prote\u00e7\u00e3o individual (EPI), al\u00e9m do distanciamento social e a higieniza\u00e7\u00e3o das m\u00e3os como preven\u00e7\u00e3o \u00e0 dissemina\u00e7\u00e3o da covid-19.<\/p>\n<p>Voltada para munic\u00edpios que apresentaram alguma invers\u00e3o do comportamento dos \u00edndices de casos de covid-19 mesmo com parte dos habitantes vacinados, a campanha ofereceu \u00e0 popula\u00e7\u00e3o m\u00e1scaras produzidas por detentos de unidades prisionais de todo o estado. Os itens foram distribu\u00eddos em a\u00e7\u00f5es conjuntas realizadas pela\u00a0<a href=\"http:\/\/www.policiamilitar.mg.gov.br\/\" target=\"_blank\" rel=\"noopener\">Pol\u00edcia Militar<\/a>,\u00a0<a href=\"http:\/\/www.bombeiros.mg.gov.br\/\" target=\"_blank\" rel=\"noopener\">Corpo de Bombeiros<\/a>,\u00a0<a href=\"http:\/\/www.depen.seguranca.mg.gov.br\/\" target=\"_blank\" rel=\"noopener\">Pol\u00edcia Penal<\/a>, e secretarias municipais de Sa\u00fade, nos pontos de maior circula\u00e7\u00e3o nas cidades, em turnos e dias alternados.<\/p>\n<p>Em quatro meses, o n\u00famero de m\u00e1scaras distribu\u00eddas chega a um milh\u00e3o. A iniciativa j\u00e1 passou por 22 munic\u00edpios de diferentes regi\u00f5es do estado, com contribui\u00e7\u00e3o direta para evitar a piora dos indicadores de sa\u00fade em Minas Gerais.<\/p>\n<p>\u201cO Governo do Estado se desdobrou para atender a todas as regi\u00f5es de acordo com a necessidade e especificidade de cada territ\u00f3rio, sempre com a preocupa\u00e7\u00e3o de envolver todas as suas unidades que pudessem, de alguma forma, contribuir para esse trabalho\u201d, explica o secret\u00e1rio adjunto de\u00a0<a href=\"http:\/\/www.saude.mg.gov.br\/\" target=\"_blank\" rel=\"noopener\">Sa\u00fade<\/a>\u00a0de Minas Gerais, Andr\u00e9 Luiz dos Anjos. Segundo ele, a parceria permitiu a mobiliza\u00e7\u00e3o de atores j\u00e1 tradicionais nos esfor\u00e7os de conten\u00e7\u00e3o da pandemia &#8220;em uma campanha de promo\u00e7\u00e3o da sa\u00fade, da conscientiza\u00e7\u00e3o dos moradores dos munic\u00edpios e regi\u00f5es\u201d, completa.<\/p>\n<p>O presidente da FJP, Helger Marra, tamb\u00e9m comemora o sucesso da campanha.<\/p>\n<p>&#8220;Essa a\u00e7\u00e3o educativa foi mais um esfor\u00e7o para alertar os mineiros sobre a import\u00e2ncia de, mesmo vacinados, manterem h\u00e1bitos de preven\u00e7\u00e3o contra a covid-19. A m\u00e1scara, o distanciamento e a higieniza\u00e7\u00e3o das m\u00e3os, por exemplo, ainda s\u00e3o important\u00edssimos no nosso dia a dia\u201d, afirma. Marra ainda enfatiza o empenho da equipe da funda\u00e7\u00e3o para desenhar a campanha de forma que &#8220;chegasse da forma mais assertiva ao cidad\u00e3o&#8221;, conclui.<\/p>\n<p><strong>A\u00e7\u00e3o conjunta<\/strong><\/p>\n<p>Al\u00e9m da Funda\u00e7\u00e3o Jo\u00e3o Pinheiro, participaram da campanha \u00a0<a href=\"http:\/\/www.secretariageral.mg.gov.br\/\" target=\"_blank\" rel=\"noopener\">Secretaria-Geral<\/a>, Secretaria de Estado de Sa\u00fade (SES-MG),\u00a0<a href=\"http:\/\/www.seguranca.mg.gov.br\/\" target=\"_blank\" rel=\"noopener\">Secretaria de Estado de Justi\u00e7a e Seguran\u00e7a P\u00fablica (Sejusp)<\/a>\u00a0&#8211;\u00a0por meio da Pol\u00edcia Penal, Pol\u00edcia Militar de Minas Gerais (PMMG), Corpo de Bombeiros Militar de Minas Gerais (CBMMG),\u00a0<a href=\"https:\/\/www.mg.gov.br\/instituicao_unidade\/empresa-mineira-de-comunicacao-emc\" target=\"_blank\" rel=\"noopener\">Empresa Mineira de Comunica\u00e7\u00e3o<\/a>, al\u00e9m das\u00a0secretarias municipais de Sa\u00fade.<\/p>\n<p><span style=\"font-weight: 400;\"><br \/>\n<\/span><span style=\"font-weight: 400;\">Fonte: Ag\u00eancia Minas <\/span><\/p>\n","protected":false},"excerpt":{"rendered":"<p>O\u00a0Governo de Minas Gerais\u00a0iniciou em abril, como parte do plano\u00a0Minas Consciente, uma campanha de conscientiza\u00e7\u00e3o e distribui\u00e7\u00e3o de m\u00e1scaras. A estrat\u00e9gia,\u00a0planejada pela\u00a0Funda\u00e7\u00e3o Jo\u00e3o Pinheiro (FJP), com apoio do Laborat\u00f3rio de Inova\u00e7\u00e3o em Governo (LAB.mg), est\u00e1 focada em a\u00e7\u00f5es educativas sobre o uso deste equipamento de prote\u00e7\u00e3o individual (EPI), al\u00e9m do distanciamento social e a higieniza\u00e7\u00e3o [&hellip;]<\/p>\n","protected":false},"author":246,"featured_media":187288,"comment_status":"closed","ping_status":"closed","sticky":false,"template":"","format":"standard","meta":{"footnotes":""},"categories":[436,254,439],"tags":[],"class_list":["post-187287","post","type-post","status-publish","format-standard","has-post-thumbnail","hentry","category-destaque-da-semana","category-politica","category-ultima-hora"],"_links":{"self":[{"href":"https:\/\/diarioregionaldigital.com.br\/index.php?rest_route=\/wp\/v2\/posts\/187287","targetHints":{"allow":["GET"]}}],"collection":[{"href":"https:\/\/diarioregionaldigital.com.br\/index.php?rest_route=\/wp\/v2\/posts"}],"about":[{"href":"https:\/\/diarioregionaldigital.com.br\/index.php?rest_route=\/wp\/v2\/types\/post"}],"author":[{"embeddable":true,"href":"https:\/\/diarioregionaldigital.com.br\/index.php?rest_route=\/wp\/v2\/users\/246"}],"replies":[{"embeddable":true,"href":"https:\/\/diarioregionaldigital.com.br\/index.php?rest_route=%2Fwp%2Fv2%2Fcomments&post=187287"}],"version-history":[{"count":1,"href":"https:\/\/diarioregionaldigital.com.br\/index.php?rest_route=\/wp\/v2\/posts\/187287\/revisions"}],"predecessor-version":[{"id":187289,"href":"https:\/\/diarioregionaldigital.com.br\/index.php?rest_route=\/wp\/v2\/posts\/187287\/revisions\/187289"}],"wp:featuredmedia":[{"embeddable":true,"href":"https:\/\/diarioregionaldigital.com.br\/index.php?rest_route=\/wp\/v2\/media\/187288"}],"wp:attachment":[{"href":"https:\/\/diarioregionaldigital.com.br\/index.php?rest_route=%2Fwp%2Fv2%2Fmedia&parent=187287"}],"wp:term":[{"taxonomy":"category","embeddable":true,"href":"https:\/\/diarioregionaldigital.com.br\/index.php?rest_route=%2Fwp%2Fv2%2Fcategories&post=187287"},{"taxonomy":"post_tag","embeddable":true,"href":"https:\/\/diarioregionaldigital.com.br\/index.php?rest_route=%2Fwp%2Fv2%2Ftags&post=187287"}],"curies":[{"name":"wp","href":"https:\/\/api.w.org\/{rel}","templated":true}]}}